{"id":23340,"date":"2025-05-20T09:01:33","date_gmt":"2025-05-20T07:01:33","guid":{"rendered":"https:\/\/www.vadib.de\/?p=23340"},"modified":"2025-05-20T09:01:34","modified_gmt":"2025-05-20T07:01:34","slug":"in-der-covid-19-pandemie-sank-das-weiterbildungsinteresse-deutlich-2-2-2-2","status":"publish","type":"post","link":"https:\/\/www.vadib.de\/?p=23340","title":{"rendered":"Die Grundsicherung nach der B\u00fcrgergeld-Reform \u2013 erste Antworten, aber noch viele offene Fragen"},"content":{"rendered":"\n<figure class=\"wp-block-image size-full is-resized\"><img loading=\"lazy\" decoding=\"async\" width=\"463\" height=\"131\" src=\"https:\/\/www.vadib.de\/wp-content\/uploads\/2021\/02\/Logo_IAB.png\" alt=\"\" class=\"wp-image-9384\" style=\"width:222px;height:auto\"\/><\/figure>\n\n\n\n<p>Die Reform sollte die Beratungsqualit\u00e4t erh\u00f6hen, Neuzug\u00e4nge in die Grundsicherung besser absichern und die Arbeitsvermittlung st\u00e4rker auf Nachhaltigkeitskriterien verpflichten. Aus Sicht von Jobcenter-Besch\u00e4ftigten wie von Leistungsberechtigten f\u00e4llt die Bewertung der Reform gemischt aus.<\/p>\n\n\n\n<p><a href=\"https:\/\/www.iab-forum.de\/die-grundsicherung-nach-der-buergergeld-reform-erste-antworten-aber-noch-viele-offene-fragen\/\">Beitrag lesen<\/a><\/p>\n","protected":false},"excerpt":{"rendered":"<p>Die Reform sollte die Beratungsqualit\u00e4t erh\u00f6hen, Neuzug\u00e4nge in die Grundsicherung besser absichern und die Arbeitsvermittlung st\u00e4rker auf Nachhaltigkeitskriterien verpflichten. Aus Sicht von Jobcenter-Besch\u00e4ftigten wie von Leistungsberechtigten f\u00e4llt die Bewertung der Reform gemischt aus. Beitrag lesen<\/p>\n","protected":false},"author":1,"featured_media":0,"comment_status":"closed","ping_status":"closed","sticky":false,"template":"","format":"standard","meta":{"footnotes":""},"categories":[1],"tags":[],"class_list":["post-23340","post","type-post","status-publish","format-standard","hentry","category-allgemein"],"_links":{"self":[{"href":"https:\/\/www.vadib.de\/index.php?rest_route=\/wp\/v2\/posts\/23340","targetHints":{"allow":["GET"]}}],"collection":[{"href":"https:\/\/www.vadib.de\/index.php?rest_route=\/wp\/v2\/posts"}],"about":[{"href":"https:\/\/www.vadib.de\/index.php?rest_route=\/wp\/v2\/types\/post"}],"author":[{"embeddable":true,"href":"https:\/\/www.vadib.de\/index.php?rest_route=\/wp\/v2\/users\/1"}],"replies":[{"embeddable":true,"href":"https:\/\/www.vadib.de\/index.php?rest_route=%2Fwp%2Fv2%2Fcomments&post=23340"}],"version-history":[{"count":1,"href":"https:\/\/www.vadib.de\/index.php?rest_route=\/wp\/v2\/posts\/23340\/revisions"}],"predecessor-version":[{"id":23341,"href":"https:\/\/www.vadib.de\/index.php?rest_route=\/wp\/v2\/posts\/23340\/revisions\/23341"}],"wp:attachment":[{"href":"https:\/\/www.vadib.de\/index.php?rest_route=%2Fwp%2Fv2%2Fmedia&parent=23340"}],"wp:term":[{"taxonomy":"category","embeddable":true,"href":"https:\/\/www.vadib.de\/index.php?rest_route=%2Fwp%2Fv2%2Fcategories&post=23340"},{"taxonomy":"post_tag","embeddable":true,"href":"https:\/\/www.vadib.de\/index.php?rest_route=%2Fwp%2Fv2%2Ftags&post=23340"}],"curies":[{"name":"wp","href":"https:\/\/api.w.org\/{rel}","templated":true}]}}