{"id":23318,"date":"2025-05-15T12:26:21","date_gmt":"2025-05-15T10:26:21","guid":{"rendered":"https:\/\/www.vadib.de\/?p=23318"},"modified":"2025-05-15T12:26:22","modified_gmt":"2025-05-15T10:26:22","slug":"in-der-covid-19-pandemie-sank-das-weiterbildungsinteresse-deutlich-2-2","status":"publish","type":"post","link":"https:\/\/www.vadib.de\/?p=23318","title":{"rendered":"Die Angst vor einer K\u00fcrzung des Existenzminimums ist unter Grundsicherungsbeziehenden weit verbreitet"},"content":{"rendered":"\n<figure class=\"wp-block-image size-full is-resized\"><img loading=\"lazy\" decoding=\"async\" width=\"463\" height=\"131\" src=\"https:\/\/www.vadib.de\/wp-content\/uploads\/2021\/02\/Logo_IAB.png\" alt=\"\" class=\"wp-image-9384\" style=\"width:222px;height:auto\"\/><\/figure>\n\n\n\n<p>Die meisten Leistungsberechtigten bewerten die Beratung durch die Jobcenter eher positiv. Allerdings ist Angst vor einer K\u00fcrzung der Geldleistungen weit verbreitet. Selbst wenn Sanktionen weder verh\u00e4ngt werden noch explizit zur Sprache kommen, kann allein die M\u00f6glichkeit einer K\u00fcrzung des Existenzminimums den Kontakt mit dem Jobcenter beeinflussen.<\/p>\n\n\n\n<p><a href=\"https:\/\/www.iab-forum.de\/die-angst-vor-einer-kuerzung-des-existenzminimums-ist-unter-grundsicherungsbeziehenden-weit-verbreitet\/\">Beitrag lesen<\/a><\/p>\n","protected":false},"excerpt":{"rendered":"<p>Die meisten Leistungsberechtigten bewerten die Beratung durch die Jobcenter eher positiv. Allerdings ist Angst vor einer K\u00fcrzung der Geldleistungen weit verbreitet. Selbst wenn Sanktionen weder verh\u00e4ngt werden noch explizit zur Sprache kommen, kann allein die M\u00f6glichkeit einer K\u00fcrzung des Existenzminimums den Kontakt mit dem Jobcenter beeinflussen. Beitrag lesen<\/p>\n","protected":false},"author":1,"featured_media":0,"comment_status":"closed","ping_status":"closed","sticky":false,"template":"","format":"standard","meta":{"footnotes":""},"categories":[1],"tags":[],"class_list":["post-23318","post","type-post","status-publish","format-standard","hentry","category-allgemein"],"_links":{"self":[{"href":"https:\/\/www.vadib.de\/index.php?rest_route=\/wp\/v2\/posts\/23318","targetHints":{"allow":["GET"]}}],"collection":[{"href":"https:\/\/www.vadib.de\/index.php?rest_route=\/wp\/v2\/posts"}],"about":[{"href":"https:\/\/www.vadib.de\/index.php?rest_route=\/wp\/v2\/types\/post"}],"author":[{"embeddable":true,"href":"https:\/\/www.vadib.de\/index.php?rest_route=\/wp\/v2\/users\/1"}],"replies":[{"embeddable":true,"href":"https:\/\/www.vadib.de\/index.php?rest_route=%2Fwp%2Fv2%2Fcomments&post=23318"}],"version-history":[{"count":1,"href":"https:\/\/www.vadib.de\/index.php?rest_route=\/wp\/v2\/posts\/23318\/revisions"}],"predecessor-version":[{"id":23319,"href":"https:\/\/www.vadib.de\/index.php?rest_route=\/wp\/v2\/posts\/23318\/revisions\/23319"}],"wp:attachment":[{"href":"https:\/\/www.vadib.de\/index.php?rest_route=%2Fwp%2Fv2%2Fmedia&parent=23318"}],"wp:term":[{"taxonomy":"category","embeddable":true,"href":"https:\/\/www.vadib.de\/index.php?rest_route=%2Fwp%2Fv2%2Fcategories&post=23318"},{"taxonomy":"post_tag","embeddable":true,"href":"https:\/\/www.vadib.de\/index.php?rest_route=%2Fwp%2Fv2%2Ftags&post=23318"}],"curies":[{"name":"wp","href":"https:\/\/api.w.org\/{rel}","templated":true}]}}