{"id":23310,"date":"2025-05-15T12:06:48","date_gmt":"2025-05-15T10:06:48","guid":{"rendered":"https:\/\/www.vadib.de\/?p=23310"},"modified":"2025-05-15T12:06:48","modified_gmt":"2025-05-15T10:06:48","slug":"niemand-soll-verloren-gehen","status":"publish","type":"post","link":"https:\/\/www.vadib.de\/?p=23310","title":{"rendered":"&#8222;Niemand soll verloren gehen&#8220;"},"content":{"rendered":"\n<figure class=\"wp-block-image size-full is-resized\"><img loading=\"lazy\" decoding=\"async\" width=\"225\" height=\"171\" src=\"https:\/\/www.vadib.de\/wp-content\/uploads\/2019\/12\/Logo_Senat.png\" alt=\"\" class=\"wp-image-5888\" style=\"width:78px;height:auto\"\/><\/figure>\n\n\n\n<p>Anl\u00e4sslich des zehnj\u00e4hrigen Bestehens der J<strong>ugendberufsagentur Bremen-Bremerhaven<\/strong> (JBA) begr\u00fc\u00dften Dr. Claudia Schilling, Senatorin f\u00fcr Arbeit, Soziales, Jugend und Integration, und Joachim Ossmann, Vorsitzender der Gesch\u00e4ftsf\u00fchrung der Agentur f\u00fcr Arbeit Bremen-Bremerhaven, stellvertretend f\u00fcr die JBA-Partner am 13. Mai 2025 bei einer Feierstunde im Festsaal der Bremischen B\u00fcrgerschaft Ehrengast <strong>Andrea Nahles<\/strong>, Vorstandsvorsitzende der Bundesagentur f\u00fcr Arbeit, sowie rund 80 G\u00e4ste aus Politik, Wirtschaft und Gesellschaft.<\/p>\n\n\n\n<p><a href=\"https:\/\/www.senatspressestelle.bremen.de\/pressemitteilungen\/niemand-soll-verloren-gehen-468432?asl=bremen02.c.732.de\">Mitteilung lesen<\/a><\/p>\n\n\n\n<p><\/p>\n","protected":false},"excerpt":{"rendered":"<p>Anl\u00e4sslich des zehnj\u00e4hrigen Bestehens der Jugendberufsagentur Bremen-Bremerhaven (JBA) begr\u00fc\u00dften Dr. Claudia Schilling, Senatorin f\u00fcr Arbeit, Soziales, Jugend und Integration, und Joachim Ossmann, Vorsitzender der Gesch\u00e4ftsf\u00fchrung der Agentur f\u00fcr Arbeit Bremen-Bremerhaven, stellvertretend f\u00fcr die JBA-Partner am 13. Mai 2025 bei einer Feierstunde im Festsaal der Bremischen B\u00fcrgerschaft Ehrengast Andrea Nahles, Vorstandsvorsitzende der Bundesagentur f\u00fcr Arbeit, sowie &hellip; <\/p>\n<p class=\"link-more\"><a href=\"https:\/\/www.vadib.de\/?p=23310\" class=\"more-link\"><span class=\"screen-reader-text\">\u201e&#8222;Niemand soll verloren gehen&#8220;\u201c <\/span>weiterlesen<\/a><\/p>\n","protected":false},"author":1,"featured_media":0,"comment_status":"closed","ping_status":"closed","sticky":false,"template":"","format":"standard","meta":{"footnotes":""},"categories":[1],"tags":[],"class_list":["post-23310","post","type-post","status-publish","format-standard","hentry","category-allgemein"],"_links":{"self":[{"href":"https:\/\/www.vadib.de\/index.php?rest_route=\/wp\/v2\/posts\/23310","targetHints":{"allow":["GET"]}}],"collection":[{"href":"https:\/\/www.vadib.de\/index.php?rest_route=\/wp\/v2\/posts"}],"about":[{"href":"https:\/\/www.vadib.de\/index.php?rest_route=\/wp\/v2\/types\/post"}],"author":[{"embeddable":true,"href":"https:\/\/www.vadib.de\/index.php?rest_route=\/wp\/v2\/users\/1"}],"replies":[{"embeddable":true,"href":"https:\/\/www.vadib.de\/index.php?rest_route=%2Fwp%2Fv2%2Fcomments&post=23310"}],"version-history":[{"count":2,"href":"https:\/\/www.vadib.de\/index.php?rest_route=\/wp\/v2\/posts\/23310\/revisions"}],"predecessor-version":[{"id":23312,"href":"https:\/\/www.vadib.de\/index.php?rest_route=\/wp\/v2\/posts\/23310\/revisions\/23312"}],"wp:attachment":[{"href":"https:\/\/www.vadib.de\/index.php?rest_route=%2Fwp%2Fv2%2Fmedia&parent=23310"}],"wp:term":[{"taxonomy":"category","embeddable":true,"href":"https:\/\/www.vadib.de\/index.php?rest_route=%2Fwp%2Fv2%2Fcategories&post=23310"},{"taxonomy":"post_tag","embeddable":true,"href":"https:\/\/www.vadib.de\/index.php?rest_route=%2Fwp%2Fv2%2Ftags&post=23310"}],"curies":[{"name":"wp","href":"https:\/\/api.w.org\/{rel}","templated":true}]}}