{"id":23308,"date":"2025-05-14T11:02:19","date_gmt":"2025-05-14T09:02:19","guid":{"rendered":"https:\/\/www.vadib.de\/?p=23308"},"modified":"2025-05-14T11:02:20","modified_gmt":"2025-05-14T09:02:20","slug":"in-der-covid-19-pandemie-sank-das-weiterbildungsinteresse-deutlich-2","status":"publish","type":"post","link":"https:\/\/www.vadib.de\/?p=23308","title":{"rendered":"Ohne ausl\u00e4ndische Besch\u00e4ftigte wird es in vielen Berufen eng"},"content":{"rendered":"\n<figure class=\"wp-block-image size-full is-resized\"><img loading=\"lazy\" decoding=\"async\" width=\"463\" height=\"131\" src=\"https:\/\/www.vadib.de\/wp-content\/uploads\/2021\/02\/Logo_IAB.png\" alt=\"\" class=\"wp-image-9384\" style=\"width:222px;height:auto\"\/><\/figure>\n\n\n\n<p>Die Situation auf dem deutschen Arbeitsmarkt wird aktuell vor allem durch die demografische Entwicklung und den damit verbundenen Mangel an Fach- und Arbeitskr\u00e4ften bestimmt. In der Diskussion, wie diesen Herausforderungen begegnet werden kann, spielen ausl\u00e4ndische Besch\u00e4ftigte eine immer wichtigere Rolle.<\/p>\n\n\n\n<p><a href=\"https:\/\/www.iab-forum.de\/ohne-auslaendische-beschaeftigte-wird-es-in-vielen-berufen-eng\/\">Beitrag lesen<\/a><\/p>\n","protected":false},"excerpt":{"rendered":"<p>Die Situation auf dem deutschen Arbeitsmarkt wird aktuell vor allem durch die demografische Entwicklung und den damit verbundenen Mangel an Fach- und Arbeitskr\u00e4ften bestimmt. In der Diskussion, wie diesen Herausforderungen begegnet werden kann, spielen ausl\u00e4ndische Besch\u00e4ftigte eine immer wichtigere Rolle. Beitrag lesen<\/p>\n","protected":false},"author":1,"featured_media":0,"comment_status":"closed","ping_status":"closed","sticky":false,"template":"","format":"standard","meta":{"footnotes":""},"categories":[1],"tags":[],"class_list":["post-23308","post","type-post","status-publish","format-standard","hentry","category-allgemein"],"_links":{"self":[{"href":"https:\/\/www.vadib.de\/index.php?rest_route=\/wp\/v2\/posts\/23308","targetHints":{"allow":["GET"]}}],"collection":[{"href":"https:\/\/www.vadib.de\/index.php?rest_route=\/wp\/v2\/posts"}],"about":[{"href":"https:\/\/www.vadib.de\/index.php?rest_route=\/wp\/v2\/types\/post"}],"author":[{"embeddable":true,"href":"https:\/\/www.vadib.de\/index.php?rest_route=\/wp\/v2\/users\/1"}],"replies":[{"embeddable":true,"href":"https:\/\/www.vadib.de\/index.php?rest_route=%2Fwp%2Fv2%2Fcomments&post=23308"}],"version-history":[{"count":1,"href":"https:\/\/www.vadib.de\/index.php?rest_route=\/wp\/v2\/posts\/23308\/revisions"}],"predecessor-version":[{"id":23309,"href":"https:\/\/www.vadib.de\/index.php?rest_route=\/wp\/v2\/posts\/23308\/revisions\/23309"}],"wp:attachment":[{"href":"https:\/\/www.vadib.de\/index.php?rest_route=%2Fwp%2Fv2%2Fmedia&parent=23308"}],"wp:term":[{"taxonomy":"category","embeddable":true,"href":"https:\/\/www.vadib.de\/index.php?rest_route=%2Fwp%2Fv2%2Fcategories&post=23308"},{"taxonomy":"post_tag","embeddable":true,"href":"https:\/\/www.vadib.de\/index.php?rest_route=%2Fwp%2Fv2%2Ftags&post=23308"}],"curies":[{"name":"wp","href":"https:\/\/api.w.org\/{rel}","templated":true}]}}