{"id":23298,"date":"2025-05-12T14:49:44","date_gmt":"2025-05-12T12:49:44","guid":{"rendered":"https:\/\/www.vadib.de\/?p=23298"},"modified":"2025-05-12T14:49:45","modified_gmt":"2025-05-12T12:49:45","slug":"jugendhaus-hemelingen-braucht-verlaessliche-traeger-mit-kompetentem-personal","status":"publish","type":"post","link":"https:\/\/www.vadib.de\/?p=23298","title":{"rendered":"Jugendhaus Hemelingen braucht verl\u00e4ssliche Tr\u00e4ger mit kompetentem Personal"},"content":{"rendered":"\n<figure class=\"wp-block-image size-full is-resized\"><img loading=\"lazy\" decoding=\"async\" width=\"151\" height=\"90\" src=\"https:\/\/www.vadib.de\/wp-content\/uploads\/2019\/01\/Logo_DIE-GR\u00dcNEN.png\" alt=\"\" class=\"wp-image-3771\" style=\"width:109px;height:auto\" srcset=\"https:\/\/www.vadib.de\/wp-content\/uploads\/2019\/01\/Logo_DIE-GR\u00dcNEN.png 151w, https:\/\/www.vadib.de\/wp-content\/uploads\/2019\/01\/Logo_DIE-GR\u00dcNEN-150x90.png 150w\" sizes=\"auto, (max-width: 151px) 100vw, 151px\" \/><\/figure>\n\n\n\n<p>Im Streit um die Zust\u00e4nde im Jugendhaus des Stadtteils Hemelingen fordert <strong>Sahhanim G\u00f6rg\u00fc-Philipp<\/strong>, sozial- und jugendpolitische Sprecherin der Gr\u00fcnen in der Bremischen B\u00fcrgerschaft, von der Sozialsenatorin eine schnelle Kl\u00e4rung der Betreuungssituation dort.<\/p>\n\n\n\n<p><a href=\"https:\/\/www.gruene-fraktion-bremen.de\/presse\/pressemitteilungen\/jugendhaus-hemelingen-braucht-verlaessliche-traeger-mit-kompetentem-personal\/?0=&amp;cHash=c07c99dca9891cf155dc69646f70d044\">Mitteilung lesen<\/a><\/p>\n","protected":false},"excerpt":{"rendered":"<p>Im Streit um die Zust\u00e4nde im Jugendhaus des Stadtteils Hemelingen fordert Sahhanim G\u00f6rg\u00fc-Philipp, sozial- und jugendpolitische Sprecherin der Gr\u00fcnen in der Bremischen B\u00fcrgerschaft, von der Sozialsenatorin eine schnelle Kl\u00e4rung der Betreuungssituation dort. Mitteilung lesen<\/p>\n","protected":false},"author":1,"featured_media":0,"comment_status":"closed","ping_status":"closed","sticky":false,"template":"","format":"standard","meta":{"footnotes":""},"categories":[1],"tags":[],"class_list":["post-23298","post","type-post","status-publish","format-standard","hentry","category-allgemein"],"_links":{"self":[{"href":"https:\/\/www.vadib.de\/index.php?rest_route=\/wp\/v2\/posts\/23298","targetHints":{"allow":["GET"]}}],"collection":[{"href":"https:\/\/www.vadib.de\/index.php?rest_route=\/wp\/v2\/posts"}],"about":[{"href":"https:\/\/www.vadib.de\/index.php?rest_route=\/wp\/v2\/types\/post"}],"author":[{"embeddable":true,"href":"https:\/\/www.vadib.de\/index.php?rest_route=\/wp\/v2\/users\/1"}],"replies":[{"embeddable":true,"href":"https:\/\/www.vadib.de\/index.php?rest_route=%2Fwp%2Fv2%2Fcomments&post=23298"}],"version-history":[{"count":1,"href":"https:\/\/www.vadib.de\/index.php?rest_route=\/wp\/v2\/posts\/23298\/revisions"}],"predecessor-version":[{"id":23299,"href":"https:\/\/www.vadib.de\/index.php?rest_route=\/wp\/v2\/posts\/23298\/revisions\/23299"}],"wp:attachment":[{"href":"https:\/\/www.vadib.de\/index.php?rest_route=%2Fwp%2Fv2%2Fmedia&parent=23298"}],"wp:term":[{"taxonomy":"category","embeddable":true,"href":"https:\/\/www.vadib.de\/index.php?rest_route=%2Fwp%2Fv2%2Fcategories&post=23298"},{"taxonomy":"post_tag","embeddable":true,"href":"https:\/\/www.vadib.de\/index.php?rest_route=%2Fwp%2Fv2%2Ftags&post=23298"}],"curies":[{"name":"wp","href":"https:\/\/api.w.org\/{rel}","templated":true}]}}