{"id":23274,"date":"2025-05-10T12:55:09","date_gmt":"2025-05-10T10:55:09","guid":{"rendered":"https:\/\/www.vadib.de\/?p=23274"},"modified":"2025-05-10T12:55:10","modified_gmt":"2025-05-10T10:55:10","slug":"jobcenter-mittel-und-ausgaben-fuer-eingliederungsleistungen-von-januar-bis-april-2025","status":"publish","type":"post","link":"https:\/\/www.vadib.de\/?p=23274","title":{"rendered":"Jobcenter: Mittel und Ausgaben f\u00fcr \u201eEingliederungsleistungen\u201c von Januar bis April 2025"},"content":{"rendered":"\n<figure class=\"wp-block-image size-full is-resized\"><img loading=\"lazy\" decoding=\"async\" width=\"222\" height=\"73\" src=\"https:\/\/www.vadib.de\/wp-content\/uploads\/2018\/12\/Logo_BIAJ.png\" alt=\"\" class=\"wp-image-3226\" style=\"width:168px;height:auto\"\/><\/figure>\n\n\n\n<p>in Blick auf die Mittel f\u00fcr \u201eVerwaltungskosten\u201c und \u201eEingliederungsleistungen\u201c, die den Jobcentern im Haushaltsjahr 2025 &#8211; bei Inkrafttreten des Regierungsentwurfs des Bundeshaushalts 2025 vom 16. August 2024 &#8211; zur Verf\u00fcgung stehen w\u00fcrden, und auf die Ausgaben von Januar bis April 2025 f\u00fcr \u201eLeistungen zur Eingliederung in Arbeit\u201c und die Ausgaben aus dem Passiv-Aktiv-Transfer (PAT) im Bund und in den L\u00e4ndern.<\/p>\n\n\n\n<p><a href=\"https:\/\/biaj.de\/archiv-materialien\/2090-jobcenter-mittel-und-ausgaben-fuer-eingliederungsleistungen-von-januar-bis-april-2025-jobcenter-ge.html\">Beitrag lesen<\/a><\/p>\n","protected":false},"excerpt":{"rendered":"<p>in Blick auf die Mittel f\u00fcr \u201eVerwaltungskosten\u201c und \u201eEingliederungsleistungen\u201c, die den Jobcentern im Haushaltsjahr 2025 &#8211; bei Inkrafttreten des Regierungsentwurfs des Bundeshaushalts 2025 vom 16. August 2024 &#8211; zur Verf\u00fcgung stehen w\u00fcrden, und auf die Ausgaben von Januar bis April 2025 f\u00fcr \u201eLeistungen zur Eingliederung in Arbeit\u201c und die Ausgaben aus dem Passiv-Aktiv-Transfer (PAT) im &hellip; <\/p>\n<p class=\"link-more\"><a href=\"https:\/\/www.vadib.de\/?p=23274\" class=\"more-link\"><span class=\"screen-reader-text\">\u201eJobcenter: Mittel und Ausgaben f\u00fcr \u201eEingliederungsleistungen\u201c von Januar bis April 2025\u201c <\/span>weiterlesen<\/a><\/p>\n","protected":false},"author":1,"featured_media":0,"comment_status":"closed","ping_status":"closed","sticky":false,"template":"","format":"standard","meta":{"footnotes":""},"categories":[1],"tags":[],"class_list":["post-23274","post","type-post","status-publish","format-standard","hentry","category-allgemein"],"_links":{"self":[{"href":"https:\/\/www.vadib.de\/index.php?rest_route=\/wp\/v2\/posts\/23274","targetHints":{"allow":["GET"]}}],"collection":[{"href":"https:\/\/www.vadib.de\/index.php?rest_route=\/wp\/v2\/posts"}],"about":[{"href":"https:\/\/www.vadib.de\/index.php?rest_route=\/wp\/v2\/types\/post"}],"author":[{"embeddable":true,"href":"https:\/\/www.vadib.de\/index.php?rest_route=\/wp\/v2\/users\/1"}],"replies":[{"embeddable":true,"href":"https:\/\/www.vadib.de\/index.php?rest_route=%2Fwp%2Fv2%2Fcomments&post=23274"}],"version-history":[{"count":1,"href":"https:\/\/www.vadib.de\/index.php?rest_route=\/wp\/v2\/posts\/23274\/revisions"}],"predecessor-version":[{"id":23275,"href":"https:\/\/www.vadib.de\/index.php?rest_route=\/wp\/v2\/posts\/23274\/revisions\/23275"}],"wp:attachment":[{"href":"https:\/\/www.vadib.de\/index.php?rest_route=%2Fwp%2Fv2%2Fmedia&parent=23274"}],"wp:term":[{"taxonomy":"category","embeddable":true,"href":"https:\/\/www.vadib.de\/index.php?rest_route=%2Fwp%2Fv2%2Fcategories&post=23274"},{"taxonomy":"post_tag","embeddable":true,"href":"https:\/\/www.vadib.de\/index.php?rest_route=%2Fwp%2Fv2%2Ftags&post=23274"}],"curies":[{"name":"wp","href":"https:\/\/api.w.org\/{rel}","templated":true}]}}