{"id":23270,"date":"2025-05-10T12:38:02","date_gmt":"2025-05-10T10:38:02","guid":{"rendered":"https:\/\/www.vadib.de\/?p=23270"},"modified":"2025-05-10T12:38:03","modified_gmt":"2025-05-10T10:38:03","slug":"buergergeld-sanktionen-nicht-prioritaet-konflikt-mit-cdu-kurs-zeichnet-sich-ab","status":"publish","type":"post","link":"https:\/\/www.vadib.de\/?p=23270","title":{"rendered":"B\u00fcrgergeld-Sanktionen nicht Priorit\u00e4t: Konflikt mit CDU-Kurs zeichnet sich ab"},"content":{"rendered":"\n<figure class=\"wp-block-image size-full is-resized\"><img loading=\"lazy\" decoding=\"async\" width=\"622\" height=\"101\" src=\"https:\/\/www.vadib.de\/wp-content\/uploads\/2020\/10\/Logo_FR.png\" alt=\"\" class=\"wp-image-8587\" style=\"width:186px;height:auto\"\/><\/figure>\n\n\n\n<p>Im Gegensatz zur CDU, die die \u201eAbschaffung\u201c des B\u00fcrgergelds betont, plant <strong>Arbeitsministerin B\u00e4rbel Bas<\/strong> dessen Weiterentwicklung. Auf die Frage der <em>Bild<\/em>-Zeitung, was sie \u201eals erstes anpacken\u201c wolle, antwortete sie: \u201eIch werde den Arbeitsmarkt st\u00e4rken, f\u00fcr gute L\u00f6hne und Tarifbindung sorgen, die Rente sichern und die Vermittlung in Arbeit verbessern.\u201c<\/p>\n\n\n\n<p><a href=\"https:\/\/www.fr.de\/wirtschaft\/buergergeld-sanktionen-nicht-prioritaet-konflikt-mit-cdu-kurs-zeichnet-sich-ab-93723189.html\">Beitrag lesen<\/a><\/p>\n","protected":false},"excerpt":{"rendered":"<p>Im Gegensatz zur CDU, die die \u201eAbschaffung\u201c des B\u00fcrgergelds betont, plant Arbeitsministerin B\u00e4rbel Bas dessen Weiterentwicklung. Auf die Frage der Bild-Zeitung, was sie \u201eals erstes anpacken\u201c wolle, antwortete sie: \u201eIch werde den Arbeitsmarkt st\u00e4rken, f\u00fcr gute L\u00f6hne und Tarifbindung sorgen, die Rente sichern und die Vermittlung in Arbeit verbessern.\u201c Beitrag lesen<\/p>\n","protected":false},"author":1,"featured_media":0,"comment_status":"closed","ping_status":"closed","sticky":false,"template":"","format":"standard","meta":{"footnotes":""},"categories":[1],"tags":[],"class_list":["post-23270","post","type-post","status-publish","format-standard","hentry","category-allgemein"],"_links":{"self":[{"href":"https:\/\/www.vadib.de\/index.php?rest_route=\/wp\/v2\/posts\/23270","targetHints":{"allow":["GET"]}}],"collection":[{"href":"https:\/\/www.vadib.de\/index.php?rest_route=\/wp\/v2\/posts"}],"about":[{"href":"https:\/\/www.vadib.de\/index.php?rest_route=\/wp\/v2\/types\/post"}],"author":[{"embeddable":true,"href":"https:\/\/www.vadib.de\/index.php?rest_route=\/wp\/v2\/users\/1"}],"replies":[{"embeddable":true,"href":"https:\/\/www.vadib.de\/index.php?rest_route=%2Fwp%2Fv2%2Fcomments&post=23270"}],"version-history":[{"count":1,"href":"https:\/\/www.vadib.de\/index.php?rest_route=\/wp\/v2\/posts\/23270\/revisions"}],"predecessor-version":[{"id":23271,"href":"https:\/\/www.vadib.de\/index.php?rest_route=\/wp\/v2\/posts\/23270\/revisions\/23271"}],"wp:attachment":[{"href":"https:\/\/www.vadib.de\/index.php?rest_route=%2Fwp%2Fv2%2Fmedia&parent=23270"}],"wp:term":[{"taxonomy":"category","embeddable":true,"href":"https:\/\/www.vadib.de\/index.php?rest_route=%2Fwp%2Fv2%2Fcategories&post=23270"},{"taxonomy":"post_tag","embeddable":true,"href":"https:\/\/www.vadib.de\/index.php?rest_route=%2Fwp%2Fv2%2Ftags&post=23270"}],"curies":[{"name":"wp","href":"https:\/\/api.w.org\/{rel}","templated":true}]}}