{"id":23262,"date":"2025-05-10T11:30:39","date_gmt":"2025-05-10T09:30:39","guid":{"rendered":"https:\/\/www.vadib.de\/?p=23262"},"modified":"2025-05-10T11:30:40","modified_gmt":"2025-05-10T09:30:40","slug":"neue-pflegekraefte-kommen-vor-allem-aus-dem-ausland","status":"publish","type":"post","link":"https:\/\/www.vadib.de\/?p=23262","title":{"rendered":"Neue Pflegekr\u00e4fte kommen vor allem aus dem Ausland"},"content":{"rendered":"\n<figure class=\"wp-block-image size-full is-resized\"><img loading=\"lazy\" decoding=\"async\" width=\"517\" height=\"164\" src=\"https:\/\/www.vadib.de\/wp-content\/uploads\/2018\/10\/Logo_Bundesagentur.png\" alt=\"\" class=\"wp-image-2413\" style=\"width:185px;height:auto\"\/><\/figure>\n\n\n\n<p>In den vergangenen zehn Jahren ist die Zahl der Besch\u00e4ftigten in Pflegeberufen um 22 Prozent gewachsen \u2013 auf insgesamt 1,72 Millionen Besch\u00e4ftigte. Neue Besch\u00e4ftigte f\u00fcr die Pflege zu gewinnen, ist nach wie vor \u00fcberdurchschnittlich schwer, wie die Engpassanalyse der Bundesagentur f\u00fcr Arbeit zeigt.<\/p>\n\n\n\n<p><a href=\"https:\/\/www.arbeitsagentur.de\/presse\/2025-21-tag-der-pflege-neue-pflegekraefte-kommen-vor-allem-aus-dem-ausland\">Mitteilung lesen<\/a><\/p>\n","protected":false},"excerpt":{"rendered":"<p>In den vergangenen zehn Jahren ist die Zahl der Besch\u00e4ftigten in Pflegeberufen um 22 Prozent gewachsen \u2013 auf insgesamt 1,72 Millionen Besch\u00e4ftigte. Neue Besch\u00e4ftigte f\u00fcr die Pflege zu gewinnen, ist nach wie vor \u00fcberdurchschnittlich schwer, wie die Engpassanalyse der Bundesagentur f\u00fcr Arbeit zeigt. Mitteilung lesen<\/p>\n","protected":false},"author":1,"featured_media":0,"comment_status":"closed","ping_status":"closed","sticky":false,"template":"","format":"standard","meta":{"footnotes":""},"categories":[1],"tags":[],"class_list":["post-23262","post","type-post","status-publish","format-standard","hentry","category-allgemein"],"_links":{"self":[{"href":"https:\/\/www.vadib.de\/index.php?rest_route=\/wp\/v2\/posts\/23262","targetHints":{"allow":["GET"]}}],"collection":[{"href":"https:\/\/www.vadib.de\/index.php?rest_route=\/wp\/v2\/posts"}],"about":[{"href":"https:\/\/www.vadib.de\/index.php?rest_route=\/wp\/v2\/types\/post"}],"author":[{"embeddable":true,"href":"https:\/\/www.vadib.de\/index.php?rest_route=\/wp\/v2\/users\/1"}],"replies":[{"embeddable":true,"href":"https:\/\/www.vadib.de\/index.php?rest_route=%2Fwp%2Fv2%2Fcomments&post=23262"}],"version-history":[{"count":1,"href":"https:\/\/www.vadib.de\/index.php?rest_route=\/wp\/v2\/posts\/23262\/revisions"}],"predecessor-version":[{"id":23263,"href":"https:\/\/www.vadib.de\/index.php?rest_route=\/wp\/v2\/posts\/23262\/revisions\/23263"}],"wp:attachment":[{"href":"https:\/\/www.vadib.de\/index.php?rest_route=%2Fwp%2Fv2%2Fmedia&parent=23262"}],"wp:term":[{"taxonomy":"category","embeddable":true,"href":"https:\/\/www.vadib.de\/index.php?rest_route=%2Fwp%2Fv2%2Fcategories&post=23262"},{"taxonomy":"post_tag","embeddable":true,"href":"https:\/\/www.vadib.de\/index.php?rest_route=%2Fwp%2Fv2%2Ftags&post=23262"}],"curies":[{"name":"wp","href":"https:\/\/api.w.org\/{rel}","templated":true}]}}