{"id":23216,"date":"2025-05-07T09:01:06","date_gmt":"2025-05-07T07:01:06","guid":{"rendered":"https:\/\/www.vadib.de\/?p=23216"},"modified":"2025-05-07T09:01:07","modified_gmt":"2025-05-07T07:01:07","slug":"bremer-cdu-kritisiert-haushaltsverstoss-des-arbeitsressorts","status":"publish","type":"post","link":"https:\/\/www.vadib.de\/?p=23216","title":{"rendered":"Bremer CDU kritisiert Haushaltsversto\u00df des Arbeitsressorts"},"content":{"rendered":"\n<figure class=\"wp-block-image size-full is-resized\"><img loading=\"lazy\" decoding=\"async\" width=\"282\" height=\"99\" src=\"https:\/\/www.vadib.de\/wp-content\/uploads\/2023\/03\/Logo_buten-un-binnen.png\" alt=\"\" class=\"wp-image-14865\" style=\"width:162px;height:auto\"\/><\/figure>\n\n\n\n<p>Das Problem mit den fehlenden ESF-Mitteln hat die Arbeitssenatorin zumindest f\u00fcr 2025 &#8222;kreativ&#8220; gel\u00f6st. Dabei gab es aber einen Haushaltsversto\u00df.<\/p>\n\n\n\n<p><a href=\"https:\/\/www.butenunbinnen.de\/videos\/cdu-esf-buergerschaft-sitzung-politik-100.html\">Beitrag anschauen<\/a><\/p>\n","protected":false},"excerpt":{"rendered":"<p>Das Problem mit den fehlenden ESF-Mitteln hat die Arbeitssenatorin zumindest f\u00fcr 2025 &#8222;kreativ&#8220; gel\u00f6st. Dabei gab es aber einen Haushaltsversto\u00df. Beitrag anschauen<\/p>\n","protected":false},"author":1,"featured_media":0,"comment_status":"closed","ping_status":"closed","sticky":false,"template":"","format":"standard","meta":{"footnotes":""},"categories":[1],"tags":[],"class_list":["post-23216","post","type-post","status-publish","format-standard","hentry","category-allgemein"],"_links":{"self":[{"href":"https:\/\/www.vadib.de\/index.php?rest_route=\/wp\/v2\/posts\/23216","targetHints":{"allow":["GET"]}}],"collection":[{"href":"https:\/\/www.vadib.de\/index.php?rest_route=\/wp\/v2\/posts"}],"about":[{"href":"https:\/\/www.vadib.de\/index.php?rest_route=\/wp\/v2\/types\/post"}],"author":[{"embeddable":true,"href":"https:\/\/www.vadib.de\/index.php?rest_route=\/wp\/v2\/users\/1"}],"replies":[{"embeddable":true,"href":"https:\/\/www.vadib.de\/index.php?rest_route=%2Fwp%2Fv2%2Fcomments&post=23216"}],"version-history":[{"count":1,"href":"https:\/\/www.vadib.de\/index.php?rest_route=\/wp\/v2\/posts\/23216\/revisions"}],"predecessor-version":[{"id":23217,"href":"https:\/\/www.vadib.de\/index.php?rest_route=\/wp\/v2\/posts\/23216\/revisions\/23217"}],"wp:attachment":[{"href":"https:\/\/www.vadib.de\/index.php?rest_route=%2Fwp%2Fv2%2Fmedia&parent=23216"}],"wp:term":[{"taxonomy":"category","embeddable":true,"href":"https:\/\/www.vadib.de\/index.php?rest_route=%2Fwp%2Fv2%2Fcategories&post=23216"},{"taxonomy":"post_tag","embeddable":true,"href":"https:\/\/www.vadib.de\/index.php?rest_route=%2Fwp%2Fv2%2Ftags&post=23216"}],"curies":[{"name":"wp","href":"https:\/\/api.w.org\/{rel}","templated":true}]}}