{"id":23177,"date":"2025-05-06T12:29:28","date_gmt":"2025-05-06T10:29:28","guid":{"rendered":"https:\/\/www.vadib.de\/?p=23177"},"modified":"2025-05-06T12:29:29","modified_gmt":"2025-05-06T10:29:29","slug":"bruttomonatsverdienste-in-gesundheits-und-pflegeberufen-binnen-zehn-jahren-deutlich-gestiegen","status":"publish","type":"post","link":"https:\/\/www.vadib.de\/?p=23177","title":{"rendered":"Bruttomonatsverdienste in Gesundheits- und Pflegeberufen binnen zehn Jahren deutlich gestiegen"},"content":{"rendered":"\n<figure class=\"wp-block-image size-full is-resized\"><img loading=\"lazy\" decoding=\"async\" width=\"469\" height=\"144\" src=\"https:\/\/www.vadib.de\/wp-content\/uploads\/2021\/03\/Logo_DESTATIS.png\" alt=\"\" class=\"wp-image-9434\" style=\"width:145px;height:auto\"\/><\/figure>\n\n\n\n<p>Der Verdienstzuwachs fiel in Gesundheits- und Pflegeberufen gr\u00f6\u00dfer aus als in vielen anderen Berufsgruppen. Ein Grund daf\u00fcr d\u00fcrfte auch die Einf\u00fchrung und Entwicklung des gesetzlichen Mindestlohns seit 2015 sein, von dem Besch\u00e4ftigte in Gesundheit und Pflege st\u00e4rker profitierten als in anderen Berufen.<\/p>\n\n\n\n<p><a href=\"https:\/\/www.destatis.de\/DE\/Presse\/Pressemitteilungen\/Zahl-der-Woche\/2025\/PD25_19_p002.html\">Mitteilung lesen<\/a><\/p>\n","protected":false},"excerpt":{"rendered":"<p>Der Verdienstzuwachs fiel in Gesundheits- und Pflegeberufen gr\u00f6\u00dfer aus als in vielen anderen Berufsgruppen. Ein Grund daf\u00fcr d\u00fcrfte auch die Einf\u00fchrung und Entwicklung des gesetzlichen Mindestlohns seit 2015 sein, von dem Besch\u00e4ftigte in Gesundheit und Pflege st\u00e4rker profitierten als in anderen Berufen. Mitteilung lesen<\/p>\n","protected":false},"author":1,"featured_media":0,"comment_status":"closed","ping_status":"closed","sticky":false,"template":"","format":"standard","meta":{"footnotes":""},"categories":[1],"tags":[],"class_list":["post-23177","post","type-post","status-publish","format-standard","hentry","category-allgemein"],"_links":{"self":[{"href":"https:\/\/www.vadib.de\/index.php?rest_route=\/wp\/v2\/posts\/23177","targetHints":{"allow":["GET"]}}],"collection":[{"href":"https:\/\/www.vadib.de\/index.php?rest_route=\/wp\/v2\/posts"}],"about":[{"href":"https:\/\/www.vadib.de\/index.php?rest_route=\/wp\/v2\/types\/post"}],"author":[{"embeddable":true,"href":"https:\/\/www.vadib.de\/index.php?rest_route=\/wp\/v2\/users\/1"}],"replies":[{"embeddable":true,"href":"https:\/\/www.vadib.de\/index.php?rest_route=%2Fwp%2Fv2%2Fcomments&post=23177"}],"version-history":[{"count":1,"href":"https:\/\/www.vadib.de\/index.php?rest_route=\/wp\/v2\/posts\/23177\/revisions"}],"predecessor-version":[{"id":23178,"href":"https:\/\/www.vadib.de\/index.php?rest_route=\/wp\/v2\/posts\/23177\/revisions\/23178"}],"wp:attachment":[{"href":"https:\/\/www.vadib.de\/index.php?rest_route=%2Fwp%2Fv2%2Fmedia&parent=23177"}],"wp:term":[{"taxonomy":"category","embeddable":true,"href":"https:\/\/www.vadib.de\/index.php?rest_route=%2Fwp%2Fv2%2Fcategories&post=23177"},{"taxonomy":"post_tag","embeddable":true,"href":"https:\/\/www.vadib.de\/index.php?rest_route=%2Fwp%2Fv2%2Ftags&post=23177"}],"curies":[{"name":"wp","href":"https:\/\/api.w.org\/{rel}","templated":true}]}}