{"id":23173,"date":"2025-05-06T12:13:14","date_gmt":"2025-05-06T10:13:14","guid":{"rendered":"https:\/\/www.vadib.de\/?p=23173"},"modified":"2025-05-06T12:13:15","modified_gmt":"2025-05-06T10:13:15","slug":"an-die-neue-bundesregierung-appell-fuer-eine-verantwortungsvolle-migrationspolitik-2","status":"publish","type":"post","link":"https:\/\/www.vadib.de\/?p=23173","title":{"rendered":"Migrations- und Fluchtpolitik im Koalitionsvertrag: Vertiefte Auswertung"},"content":{"rendered":"\n<figure class=\"wp-block-image size-full is-resized\"><img loading=\"lazy\" decoding=\"async\" width=\"486\" height=\"150\" src=\"https:\/\/www.vadib.de\/wp-content\/uploads\/2025\/05\/Logo-Paritaetischer-Gesamtverband.png\" alt=\"\" class=\"wp-image-23169\" style=\"width:224px;height:auto\" srcset=\"https:\/\/www.vadib.de\/wp-content\/uploads\/2025\/05\/Logo-Paritaetischer-Gesamtverband.png 486w, https:\/\/www.vadib.de\/wp-content\/uploads\/2025\/05\/Logo-Paritaetischer-Gesamtverband-300x93.png 300w\" sizes=\"auto, (max-width: 486px) 100vw, 486px\" \/><\/figure>\n\n\n\n<p>Der Parit\u00e4tische Gesamtverband hat sich vertieft mit dem umfangreichen, aus Sicht des Parit\u00e4tischen an vielen Stellen kritisch zu bewertenden Teil Migration und Integration befasst. Anbei finden Sie unsere ausf\u00fchrlichere Bewertung des Teils &#8222;Migration und Integration&#8220; des Koalitionsvertrags.<\/p>\n\n\n\n<p><a href=\"https:\/\/www.der-paritaetische.de\/alle-meldungen\/migrations-und-fluchtpolitik-im-koalitionsvertrag-vertiefte-auswertung\/\">Mitteilung lesen<\/a><\/p>\n","protected":false},"excerpt":{"rendered":"<p>Der Parit\u00e4tische Gesamtverband hat sich vertieft mit dem umfangreichen, aus Sicht des Parit\u00e4tischen an vielen Stellen kritisch zu bewertenden Teil Migration und Integration befasst. Anbei finden Sie unsere ausf\u00fchrlichere Bewertung des Teils &#8222;Migration und Integration&#8220; des Koalitionsvertrags. Mitteilung lesen<\/p>\n","protected":false},"author":1,"featured_media":0,"comment_status":"closed","ping_status":"closed","sticky":false,"template":"","format":"standard","meta":{"footnotes":""},"categories":[1],"tags":[],"class_list":["post-23173","post","type-post","status-publish","format-standard","hentry","category-allgemein"],"_links":{"self":[{"href":"https:\/\/www.vadib.de\/index.php?rest_route=\/wp\/v2\/posts\/23173","targetHints":{"allow":["GET"]}}],"collection":[{"href":"https:\/\/www.vadib.de\/index.php?rest_route=\/wp\/v2\/posts"}],"about":[{"href":"https:\/\/www.vadib.de\/index.php?rest_route=\/wp\/v2\/types\/post"}],"author":[{"embeddable":true,"href":"https:\/\/www.vadib.de\/index.php?rest_route=\/wp\/v2\/users\/1"}],"replies":[{"embeddable":true,"href":"https:\/\/www.vadib.de\/index.php?rest_route=%2Fwp%2Fv2%2Fcomments&post=23173"}],"version-history":[{"count":1,"href":"https:\/\/www.vadib.de\/index.php?rest_route=\/wp\/v2\/posts\/23173\/revisions"}],"predecessor-version":[{"id":23174,"href":"https:\/\/www.vadib.de\/index.php?rest_route=\/wp\/v2\/posts\/23173\/revisions\/23174"}],"wp:attachment":[{"href":"https:\/\/www.vadib.de\/index.php?rest_route=%2Fwp%2Fv2%2Fmedia&parent=23173"}],"wp:term":[{"taxonomy":"category","embeddable":true,"href":"https:\/\/www.vadib.de\/index.php?rest_route=%2Fwp%2Fv2%2Fcategories&post=23173"},{"taxonomy":"post_tag","embeddable":true,"href":"https:\/\/www.vadib.de\/index.php?rest_route=%2Fwp%2Fv2%2Ftags&post=23173"}],"curies":[{"name":"wp","href":"https:\/\/api.w.org\/{rel}","templated":true}]}}