{"id":23163,"date":"2025-05-05T12:58:01","date_gmt":"2025-05-05T10:58:01","guid":{"rendered":"https:\/\/www.vadib.de\/?p=23163"},"modified":"2025-05-06T11:54:14","modified_gmt":"2025-05-06T09:54:14","slug":"gemeinsame-befragung-von-bundesagentur-fuer-arbeit-und-dgfp","status":"publish","type":"post","link":"https:\/\/www.vadib.de\/?p=23163","title":{"rendered":"Gemeinsame Befragung von Bundesagentur f\u00fcr Arbeit und DGFP zur Arbeitsmarktintegration von Gefl\u00fcchteten"},"content":{"rendered":"\n<figure class=\"wp-block-image size-full is-resized\"><img loading=\"lazy\" decoding=\"async\" width=\"517\" height=\"164\" src=\"https:\/\/www.vadib.de\/wp-content\/uploads\/2018\/10\/Logo_Bundesagentur.png\" alt=\"\" class=\"wp-image-2413\" style=\"width:188px;height:auto\"\/><\/figure>\n\n\n\n<p>Die Bundesagentur f\u00fcr Arbeit (BA) und die Deutsche Gesellschaft f\u00fcr Personalf\u00fchrung e.V. (DGFP) haben im Rahmen einer Kooperation Unternehmen zur Arbeitsmarktintegration von Gefl\u00fcchteten befragt. Die Ergebnisse zeigen: Das Potenzial gefl\u00fcchteter Menschen f\u00fcr den deutschen Arbeitsmarkt wird zunehmend anerkannt und gewinnt an Bedeutung.<\/p>\n\n\n\n<p><a href=\"https:\/\/www.arbeitsagentur.de\/presse\/2025-20-gemeinsame-befragung-von-bundesagentur-fuer-arbeit-und-dgfp\">Mitteilung lesen<\/a><\/p>\n","protected":false},"excerpt":{"rendered":"<p>Die Bundesagentur f\u00fcr Arbeit (BA) und die Deutsche Gesellschaft f\u00fcr Personalf\u00fchrung e.V. (DGFP) haben im Rahmen einer Kooperation Unternehmen zur Arbeitsmarktintegration von Gefl\u00fcchteten befragt. Die Ergebnisse zeigen: Das Potenzial gefl\u00fcchteter Menschen f\u00fcr den deutschen Arbeitsmarkt wird zunehmend anerkannt und gewinnt an Bedeutung. Mitteilung lesen<\/p>\n","protected":false},"author":1,"featured_media":0,"comment_status":"closed","ping_status":"closed","sticky":false,"template":"","format":"standard","meta":{"footnotes":""},"categories":[1],"tags":[],"class_list":["post-23163","post","type-post","status-publish","format-standard","hentry","category-allgemein"],"_links":{"self":[{"href":"https:\/\/www.vadib.de\/index.php?rest_route=\/wp\/v2\/posts\/23163","targetHints":{"allow":["GET"]}}],"collection":[{"href":"https:\/\/www.vadib.de\/index.php?rest_route=\/wp\/v2\/posts"}],"about":[{"href":"https:\/\/www.vadib.de\/index.php?rest_route=\/wp\/v2\/types\/post"}],"author":[{"embeddable":true,"href":"https:\/\/www.vadib.de\/index.php?rest_route=\/wp\/v2\/users\/1"}],"replies":[{"embeddable":true,"href":"https:\/\/www.vadib.de\/index.php?rest_route=%2Fwp%2Fv2%2Fcomments&post=23163"}],"version-history":[{"count":2,"href":"https:\/\/www.vadib.de\/index.php?rest_route=\/wp\/v2\/posts\/23163\/revisions"}],"predecessor-version":[{"id":23167,"href":"https:\/\/www.vadib.de\/index.php?rest_route=\/wp\/v2\/posts\/23163\/revisions\/23167"}],"wp:attachment":[{"href":"https:\/\/www.vadib.de\/index.php?rest_route=%2Fwp%2Fv2%2Fmedia&parent=23163"}],"wp:term":[{"taxonomy":"category","embeddable":true,"href":"https:\/\/www.vadib.de\/index.php?rest_route=%2Fwp%2Fv2%2Fcategories&post=23163"},{"taxonomy":"post_tag","embeddable":true,"href":"https:\/\/www.vadib.de\/index.php?rest_route=%2Fwp%2Fv2%2Ftags&post=23163"}],"curies":[{"name":"wp","href":"https:\/\/api.w.org\/{rel}","templated":true}]}}