{"id":23099,"date":"2025-05-03T12:59:39","date_gmt":"2025-05-03T10:59:39","guid":{"rendered":"https:\/\/www.vadib.de\/?p=23099"},"modified":"2025-05-03T12:59:40","modified_gmt":"2025-05-03T10:59:40","slug":"bamf-asylentscheidungen-und-asylantraege-im-januar-vor-der-bundestagswahl-2025-mit-rueckblick-bis-2014-2-2-2-2-2-3-3-3","status":"publish","type":"post","link":"https:\/\/www.vadib.de\/?p=23099","title":{"rendered":"Armutsgef\u00e4hrdungsquoten und armutsgef\u00e4hrdete Personen vor und nach Sozialtransfers"},"content":{"rendered":"\n<figure class=\"wp-block-image size-full is-resized\"><img loading=\"lazy\" decoding=\"async\" width=\"222\" height=\"73\" src=\"https:\/\/www.vadib.de\/wp-content\/uploads\/2018\/12\/Logo_BIAJ.png\" alt=\"\" class=\"wp-image-3226\" style=\"width:181px;height:auto\"\/><\/figure>\n\n\n\n<p>Ein Blick auf die Entwicklung der Armutsgef\u00e4hrdungsquoten und die Entwicklung der absoluten Anzahl der armutsgef\u00e4hrdeten Personen vor und nach Sozialtransfers in der Bundesrepublik Deutschland und in den 16 Bundesl\u00e4ndern  in den Jahren 2021 bis 2024.<\/p>\n\n\n\n<p><a href=\"https:\/\/biaj.de\/archiv-materialien\/2089-armutsgefaehrdungsquoten-und-armutsgefaehrdete-personen-vor-und-nach-sozialtransfers-bund-und-laender-2021-bis-2024-eu-silc.html\">Beitrag lesen<\/a><\/p>\n","protected":false},"excerpt":{"rendered":"<p>Ein Blick auf die Entwicklung der Armutsgef\u00e4hrdungsquoten und die Entwicklung der absoluten Anzahl der armutsgef\u00e4hrdeten Personen vor und nach Sozialtransfers in der Bundesrepublik Deutschland und in den 16 Bundesl\u00e4ndern in den Jahren 2021 bis 2024. Beitrag lesen<\/p>\n","protected":false},"author":1,"featured_media":0,"comment_status":"closed","ping_status":"closed","sticky":false,"template":"","format":"standard","meta":{"footnotes":""},"categories":[1],"tags":[],"class_list":["post-23099","post","type-post","status-publish","format-standard","hentry","category-allgemein"],"_links":{"self":[{"href":"https:\/\/www.vadib.de\/index.php?rest_route=\/wp\/v2\/posts\/23099","targetHints":{"allow":["GET"]}}],"collection":[{"href":"https:\/\/www.vadib.de\/index.php?rest_route=\/wp\/v2\/posts"}],"about":[{"href":"https:\/\/www.vadib.de\/index.php?rest_route=\/wp\/v2\/types\/post"}],"author":[{"embeddable":true,"href":"https:\/\/www.vadib.de\/index.php?rest_route=\/wp\/v2\/users\/1"}],"replies":[{"embeddable":true,"href":"https:\/\/www.vadib.de\/index.php?rest_route=%2Fwp%2Fv2%2Fcomments&post=23099"}],"version-history":[{"count":1,"href":"https:\/\/www.vadib.de\/index.php?rest_route=\/wp\/v2\/posts\/23099\/revisions"}],"predecessor-version":[{"id":23100,"href":"https:\/\/www.vadib.de\/index.php?rest_route=\/wp\/v2\/posts\/23099\/revisions\/23100"}],"wp:attachment":[{"href":"https:\/\/www.vadib.de\/index.php?rest_route=%2Fwp%2Fv2%2Fmedia&parent=23099"}],"wp:term":[{"taxonomy":"category","embeddable":true,"href":"https:\/\/www.vadib.de\/index.php?rest_route=%2Fwp%2Fv2%2Fcategories&post=23099"},{"taxonomy":"post_tag","embeddable":true,"href":"https:\/\/www.vadib.de\/index.php?rest_route=%2Fwp%2Fv2%2Ftags&post=23099"}],"curies":[{"name":"wp","href":"https:\/\/api.w.org\/{rel}","templated":true}]}}