{"id":23087,"date":"2025-05-03T12:33:38","date_gmt":"2025-05-03T10:33:38","guid":{"rendered":"https:\/\/www.vadib.de\/?p=23087"},"modified":"2025-05-03T12:33:39","modified_gmt":"2025-05-03T10:33:39","slug":"caritas-praesidentin-grobe-rhetorik-zum-buergergeld-jetzt-ueberwinden","status":"publish","type":"post","link":"https:\/\/www.vadib.de\/?p=23087","title":{"rendered":"Caritas-Pr\u00e4sidentin: &#8222;Grobe&#8220; Rhetorik zum B\u00fcrgergeld jetzt \u00fcberwinden"},"content":{"rendered":"\n<figure class=\"wp-block-image size-full is-resized\"><img loading=\"lazy\" decoding=\"async\" width=\"469\" height=\"107\" src=\"https:\/\/www.vadib.de\/wp-content\/uploads\/2025\/05\/Logo_katholisch.de_.png\" alt=\"\" class=\"wp-image-23088\" style=\"width:173px;height:auto\" srcset=\"https:\/\/www.vadib.de\/wp-content\/uploads\/2025\/05\/Logo_katholisch.de_.png 469w, https:\/\/www.vadib.de\/wp-content\/uploads\/2025\/05\/Logo_katholisch.de_-300x68.png 300w\" sizes=\"auto, (max-width: 469px) 100vw, 469px\" \/><\/figure>\n\n\n\n<p>Harsche Worte seien nicht hilfreich. Insgesamt habe sie den Eindruck, &#8222;dass im Koalitionsvertrag das Thema der sozialen Sicherheit mit \u00e4hnlicher Bedeutung versehen wird wie die \u00e4u\u00dfere und innere Sicherheit&#8220;, lobte <strong>Eva Maria Welskop-Deffaa<\/strong>, Caritas-Pr\u00e4sidentin. [Frage des S\u00e4zzers: Gibt es mehrere Koalitionsvertr\u00e4ge?]<\/p>\n\n\n\n<p><a href=\"https:\/\/katholisch.de\/artikel\/61277-caritas-praesidentin-grobe-rhetorik-zum-buergergeld-jetzt-ueberwinden\">Beitrag lesen<\/a><\/p>\n","protected":false},"excerpt":{"rendered":"<p>Harsche Worte seien nicht hilfreich. Insgesamt habe sie den Eindruck, &#8222;dass im Koalitionsvertrag das Thema der sozialen Sicherheit mit \u00e4hnlicher Bedeutung versehen wird wie die \u00e4u\u00dfere und innere Sicherheit&#8220;, lobte Eva Maria Welskop-Deffaa, Caritas-Pr\u00e4sidentin. [Frage des S\u00e4zzers: Gibt es mehrere Koalitionsvertr\u00e4ge?] Beitrag lesen<\/p>\n","protected":false},"author":1,"featured_media":0,"comment_status":"closed","ping_status":"closed","sticky":false,"template":"","format":"standard","meta":{"footnotes":""},"categories":[1],"tags":[],"class_list":["post-23087","post","type-post","status-publish","format-standard","hentry","category-allgemein"],"_links":{"self":[{"href":"https:\/\/www.vadib.de\/index.php?rest_route=\/wp\/v2\/posts\/23087","targetHints":{"allow":["GET"]}}],"collection":[{"href":"https:\/\/www.vadib.de\/index.php?rest_route=\/wp\/v2\/posts"}],"about":[{"href":"https:\/\/www.vadib.de\/index.php?rest_route=\/wp\/v2\/types\/post"}],"author":[{"embeddable":true,"href":"https:\/\/www.vadib.de\/index.php?rest_route=\/wp\/v2\/users\/1"}],"replies":[{"embeddable":true,"href":"https:\/\/www.vadib.de\/index.php?rest_route=%2Fwp%2Fv2%2Fcomments&post=23087"}],"version-history":[{"count":3,"href":"https:\/\/www.vadib.de\/index.php?rest_route=\/wp\/v2\/posts\/23087\/revisions"}],"predecessor-version":[{"id":23091,"href":"https:\/\/www.vadib.de\/index.php?rest_route=\/wp\/v2\/posts\/23087\/revisions\/23091"}],"wp:attachment":[{"href":"https:\/\/www.vadib.de\/index.php?rest_route=%2Fwp%2Fv2%2Fmedia&parent=23087"}],"wp:term":[{"taxonomy":"category","embeddable":true,"href":"https:\/\/www.vadib.de\/index.php?rest_route=%2Fwp%2Fv2%2Fcategories&post=23087"},{"taxonomy":"post_tag","embeddable":true,"href":"https:\/\/www.vadib.de\/index.php?rest_route=%2Fwp%2Fv2%2Ftags&post=23087"}],"curies":[{"name":"wp","href":"https:\/\/api.w.org\/{rel}","templated":true}]}}