{"id":23081,"date":"2025-04-28T16:00:24","date_gmt":"2025-04-28T14:00:24","guid":{"rendered":"https:\/\/www.vadib.de\/?p=23081"},"modified":"2025-05-02T16:07:22","modified_gmt":"2025-05-02T14:07:22","slug":"bamf-asylentscheidungen-und-asylantraege-im-januar-vor-der-bundestagswahl-2025-mit-rueckblick-bis-2014-2-2-2-2-2-3-3-2","status":"publish","type":"post","link":"https:\/\/www.vadib.de\/?p=23081","title":{"rendered":"Leistungsberechtigte mit\/ohne deutsche Staatsangeh\u00f6rigkeit in Bedarfsgemeinschaften"},"content":{"rendered":"\n<figure class=\"wp-block-image size-full is-resized\"><img loading=\"lazy\" decoding=\"async\" width=\"222\" height=\"73\" src=\"https:\/\/www.vadib.de\/wp-content\/uploads\/2018\/12\/Logo_BIAJ.png\" alt=\"\" class=\"wp-image-3226\" style=\"width:181px;height:auto\"\/><\/figure>\n\n\n\n<p>Ein Blick auf die Entwicklung des jahresdurchschnittlichen Bestandes erwerbsf\u00e4higer Leistungsberechtigter und nicht erwerbsf\u00e4higer Leistungsberechtigter in SGB-II-Bedarfsgemeinschaften von 2005 bis 2024 im Bund, in den L\u00e4ndern und in den beiden bremischen St\u00e4dten (Bremen und Bremerhaven) &#8211; insgesamt und mit bzw. ohne deutsche Staatsangeh\u00f6rigkeit.<\/p>\n\n\n\n<p><a href=\"https:\/\/biaj.de\/archiv-materialien\/2085-leistungsberechtigte-mit-ohne-deutsche-staatsangehoerigkeit-in-sgb-ii-bedarfsgemeinschaften-hartz-iv-buergergeld-2005-2024-bund-laender-bremische-staedte.html\">Beitrag lesen<\/a><\/p>\n","protected":false},"excerpt":{"rendered":"<p>Ein Blick auf die Entwicklung des jahresdurchschnittlichen Bestandes erwerbsf\u00e4higer Leistungsberechtigter und nicht erwerbsf\u00e4higer Leistungsberechtigter in SGB-II-Bedarfsgemeinschaften von 2005 bis 2024 im Bund, in den L\u00e4ndern und in den beiden bremischen St\u00e4dten (Bremen und Bremerhaven) &#8211; insgesamt und mit bzw. ohne deutsche Staatsangeh\u00f6rigkeit. Beitrag lesen<\/p>\n","protected":false},"author":1,"featured_media":0,"comment_status":"closed","ping_status":"closed","sticky":false,"template":"","format":"standard","meta":{"footnotes":""},"categories":[1],"tags":[],"class_list":["post-23081","post","type-post","status-publish","format-standard","hentry","category-allgemein"],"_links":{"self":[{"href":"https:\/\/www.vadib.de\/index.php?rest_route=\/wp\/v2\/posts\/23081","targetHints":{"allow":["GET"]}}],"collection":[{"href":"https:\/\/www.vadib.de\/index.php?rest_route=\/wp\/v2\/posts"}],"about":[{"href":"https:\/\/www.vadib.de\/index.php?rest_route=\/wp\/v2\/types\/post"}],"author":[{"embeddable":true,"href":"https:\/\/www.vadib.de\/index.php?rest_route=\/wp\/v2\/users\/1"}],"replies":[{"embeddable":true,"href":"https:\/\/www.vadib.de\/index.php?rest_route=%2Fwp%2Fv2%2Fcomments&post=23081"}],"version-history":[{"count":3,"href":"https:\/\/www.vadib.de\/index.php?rest_route=\/wp\/v2\/posts\/23081\/revisions"}],"predecessor-version":[{"id":23084,"href":"https:\/\/www.vadib.de\/index.php?rest_route=\/wp\/v2\/posts\/23081\/revisions\/23084"}],"wp:attachment":[{"href":"https:\/\/www.vadib.de\/index.php?rest_route=%2Fwp%2Fv2%2Fmedia&parent=23081"}],"wp:term":[{"taxonomy":"category","embeddable":true,"href":"https:\/\/www.vadib.de\/index.php?rest_route=%2Fwp%2Fv2%2Fcategories&post=23081"},{"taxonomy":"post_tag","embeddable":true,"href":"https:\/\/www.vadib.de\/index.php?rest_route=%2Fwp%2Fv2%2Ftags&post=23081"}],"curies":[{"name":"wp","href":"https:\/\/api.w.org\/{rel}","templated":true}]}}