{"id":23079,"date":"2025-05-02T09:19:29","date_gmt":"2025-05-02T07:19:29","guid":{"rendered":"https:\/\/www.vadib.de\/?p=23079"},"modified":"2025-05-02T09:19:30","modified_gmt":"2025-05-02T07:19:30","slug":"wie-bundesagentur-chefin-nahles-den-koalitionsvertrag-einordnet","status":"publish","type":"post","link":"https:\/\/www.vadib.de\/?p=23079","title":{"rendered":"Wie Bundesagentur-Chefin Nahles den Koalitionsvertrag einordnet"},"content":{"rendered":"\n<figure class=\"wp-block-image size-full is-resized\"><img loading=\"lazy\" decoding=\"async\" width=\"225\" height=\"227\" src=\"https:\/\/www.vadib.de\/wp-content\/uploads\/2018\/12\/Logo_BR24.png\" alt=\"\" class=\"wp-image-3250\" style=\"width:63px;height:auto\"\/><\/figure>\n\n\n\n<p>Die B\u00fcrgergeld-Reform sollte nachhaltig sein. Der Mindestlohn sei bei der zust\u00e4ndigen Kommission in guten H\u00e4nden. Das meint die Chefin der Bundesagentur f\u00fcr Arbeit, Andrea Nahles, die sich \u00fcber eine Aussage im Koalitionsvertrag auch gefreut hat.<\/p>\n\n\n\n<p><a href=\"https:\/\/www.br.de\/nachrichten\/bayern\/wie-bundesagentur-chefin-nahles-den-koalitionsvertrag-einordnet,Ujs4ASQ\">Beitrag lesen und h\u00f6ren<\/a><\/p>\n","protected":false},"excerpt":{"rendered":"<p>Die B\u00fcrgergeld-Reform sollte nachhaltig sein. Der Mindestlohn sei bei der zust\u00e4ndigen Kommission in guten H\u00e4nden. Das meint die Chefin der Bundesagentur f\u00fcr Arbeit, Andrea Nahles, die sich \u00fcber eine Aussage im Koalitionsvertrag auch gefreut hat. Beitrag lesen und h\u00f6ren<\/p>\n","protected":false},"author":1,"featured_media":0,"comment_status":"closed","ping_status":"closed","sticky":false,"template":"","format":"standard","meta":{"footnotes":""},"categories":[1],"tags":[],"class_list":["post-23079","post","type-post","status-publish","format-standard","hentry","category-allgemein"],"_links":{"self":[{"href":"https:\/\/www.vadib.de\/index.php?rest_route=\/wp\/v2\/posts\/23079","targetHints":{"allow":["GET"]}}],"collection":[{"href":"https:\/\/www.vadib.de\/index.php?rest_route=\/wp\/v2\/posts"}],"about":[{"href":"https:\/\/www.vadib.de\/index.php?rest_route=\/wp\/v2\/types\/post"}],"author":[{"embeddable":true,"href":"https:\/\/www.vadib.de\/index.php?rest_route=\/wp\/v2\/users\/1"}],"replies":[{"embeddable":true,"href":"https:\/\/www.vadib.de\/index.php?rest_route=%2Fwp%2Fv2%2Fcomments&post=23079"}],"version-history":[{"count":1,"href":"https:\/\/www.vadib.de\/index.php?rest_route=\/wp\/v2\/posts\/23079\/revisions"}],"predecessor-version":[{"id":23080,"href":"https:\/\/www.vadib.de\/index.php?rest_route=\/wp\/v2\/posts\/23079\/revisions\/23080"}],"wp:attachment":[{"href":"https:\/\/www.vadib.de\/index.php?rest_route=%2Fwp%2Fv2%2Fmedia&parent=23079"}],"wp:term":[{"taxonomy":"category","embeddable":true,"href":"https:\/\/www.vadib.de\/index.php?rest_route=%2Fwp%2Fv2%2Fcategories&post=23079"},{"taxonomy":"post_tag","embeddable":true,"href":"https:\/\/www.vadib.de\/index.php?rest_route=%2Fwp%2Fv2%2Ftags&post=23079"}],"curies":[{"name":"wp","href":"https:\/\/api.w.org\/{rel}","templated":true}]}}