{"id":23029,"date":"2025-05-03T13:06:00","date_gmt":"2025-05-03T11:06:00","guid":{"rendered":"https:\/\/www.vadib.de\/?p=23029"},"modified":"2025-05-03T13:16:48","modified_gmt":"2025-05-03T11:16:48","slug":"veranstaltung-wer-bleibt-auf-der-strecke","status":"publish","type":"post","link":"https:\/\/www.vadib.de\/?p=23029","title":{"rendered":"Veranstaltung: Wer bleibt auf der Strecke?"},"content":{"rendered":"\n<figure class=\"wp-block-image size-full is-resized\"><img loading=\"lazy\" decoding=\"async\" width=\"225\" height=\"171\" src=\"https:\/\/www.vadib.de\/wp-content\/uploads\/2019\/12\/Logo_Senat.png\" alt=\"\" class=\"wp-image-5888\" style=\"width:78px;height:auto\"\/><\/figure>\n\n\n\n<p>K\u00fcrzungen im Europ\u00e4ischen Sozialfonds (ESF), bei den Arbeitsgelegenheiten (AGH) sowie bei Sprachkursen des Bundesamtes f\u00fcr Migration und Fl\u00fcchtlinge (BAMF) haben weitreichende Folgen \u2013 insbesondere f\u00fcr Frauen mit und ohne Migrationshintergrund, Alleinerziehende sowie f\u00fcr Menschen mit Behinderungen. Sie versch\u00e4rfen bestehende Ungleichheiten und erschweren den Zugang zu Besch\u00e4ftigung, Qualifizierung und gesellschaftlicher Teilhabe. <\/p>\n\n\n\n<p>Dazu eine <strong>Veranstaltung der Bremischen Zentralstelle f\u00fcr die Verwirklichung der Gleichberechtigung der Frau (ZGF)<\/strong> am:<\/p>\n\n\n\n<p><strong>Mittwoch, 4. Juni 2025, 18:00 \u2212<\/strong> <strong>20:00 Uhr, Festsaal der Bremischen B\u00fcrgerschaft<\/strong><\/p>\n\n\n\n<p><a href=\"https:\/\/www.frauen.bremen.de\/aktuelles\/veranstaltung-wer-bleibt-auf-der-strecke-23805\">Veranstaltungshinweis lesen<\/a><\/p>\n","protected":false},"excerpt":{"rendered":"<p>K\u00fcrzungen im Europ\u00e4ischen Sozialfonds (ESF), bei den Arbeitsgelegenheiten (AGH) sowie bei Sprachkursen des Bundesamtes f\u00fcr Migration und Fl\u00fcchtlinge (BAMF) haben weitreichende Folgen \u2013 insbesondere f\u00fcr Frauen mit und ohne Migrationshintergrund, Alleinerziehende sowie f\u00fcr Menschen mit Behinderungen. Sie versch\u00e4rfen bestehende Ungleichheiten und erschweren den Zugang zu Besch\u00e4ftigung, Qualifizierung und gesellschaftlicher Teilhabe. Dazu eine Veranstaltung der Bremischen &hellip; <\/p>\n<p class=\"link-more\"><a href=\"https:\/\/www.vadib.de\/?p=23029\" class=\"more-link\"><span class=\"screen-reader-text\">\u201eVeranstaltung: Wer bleibt auf der Strecke?\u201c <\/span>weiterlesen<\/a><\/p>\n","protected":false},"author":1,"featured_media":0,"comment_status":"closed","ping_status":"closed","sticky":false,"template":"","format":"standard","meta":{"footnotes":""},"categories":[1],"tags":[],"class_list":["post-23029","post","type-post","status-publish","format-standard","hentry","category-allgemein"],"_links":{"self":[{"href":"https:\/\/www.vadib.de\/index.php?rest_route=\/wp\/v2\/posts\/23029","targetHints":{"allow":["GET"]}}],"collection":[{"href":"https:\/\/www.vadib.de\/index.php?rest_route=\/wp\/v2\/posts"}],"about":[{"href":"https:\/\/www.vadib.de\/index.php?rest_route=\/wp\/v2\/types\/post"}],"author":[{"embeddable":true,"href":"https:\/\/www.vadib.de\/index.php?rest_route=\/wp\/v2\/users\/1"}],"replies":[{"embeddable":true,"href":"https:\/\/www.vadib.de\/index.php?rest_route=%2Fwp%2Fv2%2Fcomments&post=23029"}],"version-history":[{"count":4,"href":"https:\/\/www.vadib.de\/index.php?rest_route=\/wp\/v2\/posts\/23029\/revisions"}],"predecessor-version":[{"id":23041,"href":"https:\/\/www.vadib.de\/index.php?rest_route=\/wp\/v2\/posts\/23029\/revisions\/23041"}],"wp:attachment":[{"href":"https:\/\/www.vadib.de\/index.php?rest_route=%2Fwp%2Fv2%2Fmedia&parent=23029"}],"wp:term":[{"taxonomy":"category","embeddable":true,"href":"https:\/\/www.vadib.de\/index.php?rest_route=%2Fwp%2Fv2%2Fcategories&post=23029"},{"taxonomy":"post_tag","embeddable":true,"href":"https:\/\/www.vadib.de\/index.php?rest_route=%2Fwp%2Fv2%2Ftags&post=23029"}],"curies":[{"name":"wp","href":"https:\/\/api.w.org\/{rel}","templated":true}]}}