{"id":23027,"date":"2025-04-30T13:45:38","date_gmt":"2025-04-30T11:45:38","guid":{"rendered":"https:\/\/www.vadib.de\/?p=23027"},"modified":"2025-04-30T13:45:39","modified_gmt":"2025-04-30T11:45:39","slug":"obwohl-fachkraefte-fehlen-haben-immer-mehr-junge-menschen-keine-ausbildung-2","status":"publish","type":"post","link":"https:\/\/www.vadib.de\/?p=23027","title":{"rendered":"Das Teilhabechancengesetz wirkt auch bei Menschen mit schwerer Behinderung"},"content":{"rendered":"\n<figure class=\"wp-block-image size-full is-resized\"><img loading=\"lazy\" decoding=\"async\" width=\"463\" height=\"131\" src=\"https:\/\/www.vadib.de\/wp-content\/uploads\/2021\/02\/Logo_IAB.png\" alt=\"\" class=\"wp-image-9384\" style=\"width:217px;height:auto\"\/><\/figure>\n\n\n\n<p>Menschen mit schwerer Behinderung haben ein h\u00f6heres Armutsrisiko und beschr\u00e4nktere M\u00f6glichkeiten der gesellschaftlichen Teilhabe. Das Teilhabechancengesetz kann dabei helfen, sie in den Arbeitsmarkt zu integrieren und ihre soziale Teilhabe zu st\u00e4rken. <\/p>\n\n\n\n<p><a href=\"https:\/\/www.iab-forum.de\/das-teilhabechancengesetz-wirkt-auch-bei-menschen-mit-schwerer-behinderung\/\">Beitrag lesen<\/a><\/p>\n","protected":false},"excerpt":{"rendered":"<p>Menschen mit schwerer Behinderung haben ein h\u00f6heres Armutsrisiko und beschr\u00e4nktere M\u00f6glichkeiten der gesellschaftlichen Teilhabe. Das Teilhabechancengesetz kann dabei helfen, sie in den Arbeitsmarkt zu integrieren und ihre soziale Teilhabe zu st\u00e4rken. Beitrag lesen<\/p>\n","protected":false},"author":1,"featured_media":0,"comment_status":"closed","ping_status":"closed","sticky":false,"template":"","format":"standard","meta":{"footnotes":""},"categories":[1],"tags":[],"class_list":["post-23027","post","type-post","status-publish","format-standard","hentry","category-allgemein"],"_links":{"self":[{"href":"https:\/\/www.vadib.de\/index.php?rest_route=\/wp\/v2\/posts\/23027","targetHints":{"allow":["GET"]}}],"collection":[{"href":"https:\/\/www.vadib.de\/index.php?rest_route=\/wp\/v2\/posts"}],"about":[{"href":"https:\/\/www.vadib.de\/index.php?rest_route=\/wp\/v2\/types\/post"}],"author":[{"embeddable":true,"href":"https:\/\/www.vadib.de\/index.php?rest_route=\/wp\/v2\/users\/1"}],"replies":[{"embeddable":true,"href":"https:\/\/www.vadib.de\/index.php?rest_route=%2Fwp%2Fv2%2Fcomments&post=23027"}],"version-history":[{"count":1,"href":"https:\/\/www.vadib.de\/index.php?rest_route=\/wp\/v2\/posts\/23027\/revisions"}],"predecessor-version":[{"id":23028,"href":"https:\/\/www.vadib.de\/index.php?rest_route=\/wp\/v2\/posts\/23027\/revisions\/23028"}],"wp:attachment":[{"href":"https:\/\/www.vadib.de\/index.php?rest_route=%2Fwp%2Fv2%2Fmedia&parent=23027"}],"wp:term":[{"taxonomy":"category","embeddable":true,"href":"https:\/\/www.vadib.de\/index.php?rest_route=%2Fwp%2Fv2%2Fcategories&post=23027"},{"taxonomy":"post_tag","embeddable":true,"href":"https:\/\/www.vadib.de\/index.php?rest_route=%2Fwp%2Fv2%2Ftags&post=23027"}],"curies":[{"name":"wp","href":"https:\/\/api.w.org\/{rel}","templated":true}]}}