{"id":23008,"date":"2025-04-26T11:50:43","date_gmt":"2025-04-26T09:50:43","guid":{"rendered":"https:\/\/www.vadib.de\/?p=23008"},"modified":"2025-04-26T11:50:43","modified_gmt":"2025-04-26T09:50:43","slug":"wirtschaftliche-probleme-wegen-weniger-berufssprachkursen","status":"publish","type":"post","link":"https:\/\/www.vadib.de\/?p=23008","title":{"rendered":"Wirtschaftliche Probleme wegen weniger Berufssprachkursen?"},"content":{"rendered":"\n<figure class=\"wp-block-image size-full is-resized\"><img loading=\"lazy\" decoding=\"async\" width=\"225\" height=\"227\" src=\"https:\/\/www.vadib.de\/wp-content\/uploads\/2018\/12\/Logo_BR24.png\" alt=\"\" class=\"wp-image-3250\" style=\"width:57px;height:auto\"\/><\/figure>\n\n\n\n<p>Bei Berufssprachkursen sollen Gefl\u00fcchtete fit f\u00fcr den Job gemacht werden. Wie hoch die Gelder f\u00fcr das aus Bundesmitteln finanzierte Angebot ab Sommer ausfallen, ist unklar. Eine K\u00fcrzung der Mittel k\u00f6nnte sich auch auf den Arbeitsmarkt auswirken.<\/p>\n\n\n\n<p><a href=\"https:\/\/www.br.de\/nachrichten\/wirtschaft\/wirtschaftliche-probleme-wegen-weniger-berufssprachkursen,UjNAlqF\">Beitrag lesen<\/a><\/p>\n","protected":false},"excerpt":{"rendered":"<p>Bei Berufssprachkursen sollen Gefl\u00fcchtete fit f\u00fcr den Job gemacht werden. Wie hoch die Gelder f\u00fcr das aus Bundesmitteln finanzierte Angebot ab Sommer ausfallen, ist unklar. Eine K\u00fcrzung der Mittel k\u00f6nnte sich auch auf den Arbeitsmarkt auswirken. Beitrag lesen<\/p>\n","protected":false},"author":1,"featured_media":0,"comment_status":"closed","ping_status":"closed","sticky":false,"template":"","format":"standard","meta":{"footnotes":""},"categories":[1],"tags":[],"class_list":["post-23008","post","type-post","status-publish","format-standard","hentry","category-allgemein"],"_links":{"self":[{"href":"https:\/\/www.vadib.de\/index.php?rest_route=\/wp\/v2\/posts\/23008","targetHints":{"allow":["GET"]}}],"collection":[{"href":"https:\/\/www.vadib.de\/index.php?rest_route=\/wp\/v2\/posts"}],"about":[{"href":"https:\/\/www.vadib.de\/index.php?rest_route=\/wp\/v2\/types\/post"}],"author":[{"embeddable":true,"href":"https:\/\/www.vadib.de\/index.php?rest_route=\/wp\/v2\/users\/1"}],"replies":[{"embeddable":true,"href":"https:\/\/www.vadib.de\/index.php?rest_route=%2Fwp%2Fv2%2Fcomments&post=23008"}],"version-history":[{"count":1,"href":"https:\/\/www.vadib.de\/index.php?rest_route=\/wp\/v2\/posts\/23008\/revisions"}],"predecessor-version":[{"id":23009,"href":"https:\/\/www.vadib.de\/index.php?rest_route=\/wp\/v2\/posts\/23008\/revisions\/23009"}],"wp:attachment":[{"href":"https:\/\/www.vadib.de\/index.php?rest_route=%2Fwp%2Fv2%2Fmedia&parent=23008"}],"wp:term":[{"taxonomy":"category","embeddable":true,"href":"https:\/\/www.vadib.de\/index.php?rest_route=%2Fwp%2Fv2%2Fcategories&post=23008"},{"taxonomy":"post_tag","embeddable":true,"href":"https:\/\/www.vadib.de\/index.php?rest_route=%2Fwp%2Fv2%2Ftags&post=23008"}],"curies":[{"name":"wp","href":"https:\/\/api.w.org\/{rel}","templated":true}]}}