{"id":23003,"date":"2025-04-26T11:22:13","date_gmt":"2025-04-26T09:22:13","guid":{"rendered":"https:\/\/www.vadib.de\/?p=23003"},"modified":"2025-04-26T11:22:14","modified_gmt":"2025-04-26T09:22:14","slug":"obwohl-fachkraefte-fehlen-haben-immer-mehr-junge-menschen-keine-ausbildung","status":"publish","type":"post","link":"https:\/\/www.vadib.de\/?p=23003","title":{"rendered":"Obwohl Fachkr\u00e4fte fehlen, haben immer mehr junge Menschen keine Ausbildung"},"content":{"rendered":"\n<figure class=\"wp-block-image size-full is-resized\"><img loading=\"lazy\" decoding=\"async\" width=\"463\" height=\"131\" src=\"https:\/\/www.vadib.de\/wp-content\/uploads\/2021\/02\/Logo_IAB.png\" alt=\"\" class=\"wp-image-9384\" style=\"width:217px;height:auto\"\/><\/figure>\n\n\n\n<p>Arbeitskr\u00e4fte sind in Deutschland seit Jahren immer knapper geworden, in vielen Branchen sind insbesondere Engp\u00e4sse bei den Fachkr\u00e4ften sp\u00fcrbar. Gleichzeitig zeigen aktuelle Daten des IAB, dass immer mehr junge Erwerbspersonen \u00fcber keine Berufsausbildung verf\u00fcgen.<\/p>\n\n\n\n<p><a href=\"https:\/\/www.iab-forum.de\/obwohl-fachkraefte-fehlen-haben-immer-mehr-junge-menschen-keine-ausbildung\/\">Beitrag lesen<\/a><\/p>\n","protected":false},"excerpt":{"rendered":"<p>Arbeitskr\u00e4fte sind in Deutschland seit Jahren immer knapper geworden, in vielen Branchen sind insbesondere Engp\u00e4sse bei den Fachkr\u00e4ften sp\u00fcrbar. Gleichzeitig zeigen aktuelle Daten des IAB, dass immer mehr junge Erwerbspersonen \u00fcber keine Berufsausbildung verf\u00fcgen. Beitrag lesen<\/p>\n","protected":false},"author":1,"featured_media":0,"comment_status":"closed","ping_status":"closed","sticky":false,"template":"","format":"standard","meta":{"footnotes":""},"categories":[1],"tags":[],"class_list":["post-23003","post","type-post","status-publish","format-standard","hentry","category-allgemein"],"_links":{"self":[{"href":"https:\/\/www.vadib.de\/index.php?rest_route=\/wp\/v2\/posts\/23003","targetHints":{"allow":["GET"]}}],"collection":[{"href":"https:\/\/www.vadib.de\/index.php?rest_route=\/wp\/v2\/posts"}],"about":[{"href":"https:\/\/www.vadib.de\/index.php?rest_route=\/wp\/v2\/types\/post"}],"author":[{"embeddable":true,"href":"https:\/\/www.vadib.de\/index.php?rest_route=\/wp\/v2\/users\/1"}],"replies":[{"embeddable":true,"href":"https:\/\/www.vadib.de\/index.php?rest_route=%2Fwp%2Fv2%2Fcomments&post=23003"}],"version-history":[{"count":2,"href":"https:\/\/www.vadib.de\/index.php?rest_route=\/wp\/v2\/posts\/23003\/revisions"}],"predecessor-version":[{"id":23005,"href":"https:\/\/www.vadib.de\/index.php?rest_route=\/wp\/v2\/posts\/23003\/revisions\/23005"}],"wp:attachment":[{"href":"https:\/\/www.vadib.de\/index.php?rest_route=%2Fwp%2Fv2%2Fmedia&parent=23003"}],"wp:term":[{"taxonomy":"category","embeddable":true,"href":"https:\/\/www.vadib.de\/index.php?rest_route=%2Fwp%2Fv2%2Fcategories&post=23003"},{"taxonomy":"post_tag","embeddable":true,"href":"https:\/\/www.vadib.de\/index.php?rest_route=%2Fwp%2Fv2%2Ftags&post=23003"}],"curies":[{"name":"wp","href":"https:\/\/api.w.org\/{rel}","templated":true}]}}