{"id":23001,"date":"2025-04-25T12:42:47","date_gmt":"2025-04-25T10:42:47","guid":{"rendered":"https:\/\/www.vadib.de\/?p=23001"},"modified":"2025-04-25T12:42:48","modified_gmt":"2025-04-25T10:42:48","slug":"bremer-senat-sichert-esf-projekte-ab-2-2","status":"publish","type":"post","link":"https:\/\/www.vadib.de\/?p=23001","title":{"rendered":"Integrationsministerkonferenz tagt zu den Themen Spracherwerb, Teilhabe und Digitalisierung"},"content":{"rendered":"\n<figure class=\"wp-block-image size-full is-resized\"><img loading=\"lazy\" decoding=\"async\" width=\"225\" height=\"171\" src=\"https:\/\/www.vadib.de\/wp-content\/uploads\/2019\/12\/Logo_Senat.png\" alt=\"\" class=\"wp-image-5888\" style=\"width:72px;height:auto\"\/><\/figure>\n\n\n\n<p>Mit einem Beschluss auf Initiative von Bremen und weiteren L\u00e4ndern fordert die Integrationsministerkonferenz die Bundesregierung auf, f\u00fcr Planungssicherheit zu sorgen und Streichungen von Kursen zur\u00fcckzunehmen.<\/p>\n\n\n\n<p><a href=\"https:\/\/www.senatspressestelle.bremen.de\/pressemitteilungen\/sozialsenatorin-schilling-fordert-erhalt-von-deutschkursen-467315\">Mitteilung lesen<\/a><\/p>\n","protected":false},"excerpt":{"rendered":"<p>Mit einem Beschluss auf Initiative von Bremen und weiteren L\u00e4ndern fordert die Integrationsministerkonferenz die Bundesregierung auf, f\u00fcr Planungssicherheit zu sorgen und Streichungen von Kursen zur\u00fcckzunehmen. Mitteilung lesen<\/p>\n","protected":false},"author":1,"featured_media":0,"comment_status":"closed","ping_status":"closed","sticky":false,"template":"","format":"standard","meta":{"footnotes":""},"categories":[1],"tags":[],"class_list":["post-23001","post","type-post","status-publish","format-standard","hentry","category-allgemein"],"_links":{"self":[{"href":"https:\/\/www.vadib.de\/index.php?rest_route=\/wp\/v2\/posts\/23001","targetHints":{"allow":["GET"]}}],"collection":[{"href":"https:\/\/www.vadib.de\/index.php?rest_route=\/wp\/v2\/posts"}],"about":[{"href":"https:\/\/www.vadib.de\/index.php?rest_route=\/wp\/v2\/types\/post"}],"author":[{"embeddable":true,"href":"https:\/\/www.vadib.de\/index.php?rest_route=\/wp\/v2\/users\/1"}],"replies":[{"embeddable":true,"href":"https:\/\/www.vadib.de\/index.php?rest_route=%2Fwp%2Fv2%2Fcomments&post=23001"}],"version-history":[{"count":1,"href":"https:\/\/www.vadib.de\/index.php?rest_route=\/wp\/v2\/posts\/23001\/revisions"}],"predecessor-version":[{"id":23002,"href":"https:\/\/www.vadib.de\/index.php?rest_route=\/wp\/v2\/posts\/23001\/revisions\/23002"}],"wp:attachment":[{"href":"https:\/\/www.vadib.de\/index.php?rest_route=%2Fwp%2Fv2%2Fmedia&parent=23001"}],"wp:term":[{"taxonomy":"category","embeddable":true,"href":"https:\/\/www.vadib.de\/index.php?rest_route=%2Fwp%2Fv2%2Fcategories&post=23001"},{"taxonomy":"post_tag","embeddable":true,"href":"https:\/\/www.vadib.de\/index.php?rest_route=%2Fwp%2Fv2%2Ftags&post=23001"}],"curies":[{"name":"wp","href":"https:\/\/api.w.org\/{rel}","templated":true}]}}