{"id":22992,"date":"2025-04-24T08:45:30","date_gmt":"2025-04-24T06:45:30","guid":{"rendered":"https:\/\/www.vadib.de\/?p=22992"},"modified":"2025-04-24T08:45:30","modified_gmt":"2025-04-24T06:45:30","slug":"wohnraummangel-ist-grosse-herausforderung-fuer-unternehmen-die-gefluechtete-und-azubis-aus-drittstaaten-beschaeftigen","status":"publish","type":"post","link":"https:\/\/www.vadib.de\/?p=22992","title":{"rendered":"Wohnraummangel ist gro\u00dfe Herausforderung f\u00fcr Unternehmen, die Gefl\u00fcchtete und Azubis aus Drittstaaten besch\u00e4ftigen"},"content":{"rendered":"\n<figure class=\"wp-block-image size-full is-resized\"><img loading=\"lazy\" decoding=\"async\" width=\"474\" height=\"106\" src=\"https:\/\/www.vadib.de\/wp-content\/uploads\/2025\/04\/Logo_Netzwerk-Unternehmen-integrieren-Fluechtlinge.png\" alt=\"\" class=\"wp-image-22993\" style=\"width:229px;height:auto\" srcset=\"https:\/\/www.vadib.de\/wp-content\/uploads\/2025\/04\/Logo_Netzwerk-Unternehmen-integrieren-Fluechtlinge.png 474w, https:\/\/www.vadib.de\/wp-content\/uploads\/2025\/04\/Logo_Netzwerk-Unternehmen-integrieren-Fluechtlinge-300x67.png 300w\" sizes=\"auto, (max-width: 474px) 100vw, 474px\" \/><\/figure>\n\n\n\n<p>Der Mangel an bezahlbarem Wohnraum hat in den letzten Jahren erheblich an Bedeutung gewonnen und stellt in vielen Regionen Deutschlands eine kritische H\u00fcrde f\u00fcr Unternehmen dar, die offene Stellen besetzen m\u00f6chten. 43 Prozent der Betriebe, die Gefl\u00fcchtete ausbilden oder besch\u00e4ftigen, bewerteten den Wohnraummangel als eine besonders schwierige oder sogar un\u00fcberwindbare Herausforderung.<\/p>\n\n\n\n<p><a href=\"https:\/\/www.unternehmen-integrieren-fluechtlinge.de\/news\/mitgliederbefragung-2024-ergebnisse\/\">Mitteilung lesen<\/a><\/p>\n","protected":false},"excerpt":{"rendered":"<p>Der Mangel an bezahlbarem Wohnraum hat in den letzten Jahren erheblich an Bedeutung gewonnen und stellt in vielen Regionen Deutschlands eine kritische H\u00fcrde f\u00fcr Unternehmen dar, die offene Stellen besetzen m\u00f6chten. 43 Prozent der Betriebe, die Gefl\u00fcchtete ausbilden oder besch\u00e4ftigen, bewerteten den Wohnraummangel als eine besonders schwierige oder sogar un\u00fcberwindbare Herausforderung. Mitteilung lesen<\/p>\n","protected":false},"author":1,"featured_media":0,"comment_status":"closed","ping_status":"closed","sticky":false,"template":"","format":"standard","meta":{"footnotes":""},"categories":[1],"tags":[],"class_list":["post-22992","post","type-post","status-publish","format-standard","hentry","category-allgemein"],"_links":{"self":[{"href":"https:\/\/www.vadib.de\/index.php?rest_route=\/wp\/v2\/posts\/22992","targetHints":{"allow":["GET"]}}],"collection":[{"href":"https:\/\/www.vadib.de\/index.php?rest_route=\/wp\/v2\/posts"}],"about":[{"href":"https:\/\/www.vadib.de\/index.php?rest_route=\/wp\/v2\/types\/post"}],"author":[{"embeddable":true,"href":"https:\/\/www.vadib.de\/index.php?rest_route=\/wp\/v2\/users\/1"}],"replies":[{"embeddable":true,"href":"https:\/\/www.vadib.de\/index.php?rest_route=%2Fwp%2Fv2%2Fcomments&post=22992"}],"version-history":[{"count":1,"href":"https:\/\/www.vadib.de\/index.php?rest_route=\/wp\/v2\/posts\/22992\/revisions"}],"predecessor-version":[{"id":22994,"href":"https:\/\/www.vadib.de\/index.php?rest_route=\/wp\/v2\/posts\/22992\/revisions\/22994"}],"wp:attachment":[{"href":"https:\/\/www.vadib.de\/index.php?rest_route=%2Fwp%2Fv2%2Fmedia&parent=22992"}],"wp:term":[{"taxonomy":"category","embeddable":true,"href":"https:\/\/www.vadib.de\/index.php?rest_route=%2Fwp%2Fv2%2Fcategories&post=22992"},{"taxonomy":"post_tag","embeddable":true,"href":"https:\/\/www.vadib.de\/index.php?rest_route=%2Fwp%2Fv2%2Ftags&post=22992"}],"curies":[{"name":"wp","href":"https:\/\/api.w.org\/{rel}","templated":true}]}}