{"id":22987,"date":"2025-04-23T12:27:00","date_gmt":"2025-04-23T10:27:00","guid":{"rendered":"https:\/\/www.vadib.de\/?p=22987"},"modified":"2025-04-23T12:29:57","modified_gmt":"2025-04-23T10:29:57","slug":"ein-starkes-zeichen-der-solidaritaet-bremer-beschaeftigungsprogramme-sichern","status":"publish","type":"post","link":"https:\/\/www.vadib.de\/?p=22987","title":{"rendered":"Ein starkes Zeichen der Solidarit\u00e4t: Bremer Besch\u00e4ftigungsprogramme sichern!"},"content":{"rendered":"\n<figure class=\"wp-block-image size-full is-resized\"><img loading=\"lazy\" decoding=\"async\" width=\"151\" height=\"90\" src=\"https:\/\/www.vadib.de\/wp-content\/uploads\/2019\/01\/Logo_DIE-GR\u00dcNEN.png\" alt=\"\" class=\"wp-image-3771\" style=\"width:106px;height:auto\" srcset=\"https:\/\/www.vadib.de\/wp-content\/uploads\/2019\/01\/Logo_DIE-GR\u00dcNEN.png 151w, https:\/\/www.vadib.de\/wp-content\/uploads\/2019\/01\/Logo_DIE-GR\u00dcNEN-150x90.png 150w\" sizes=\"auto, (max-width: 151px) 100vw, 151px\" \/><\/figure>\n\n\n\n<p><strong>Henrike M\u00fcller<\/strong>, Fraktionsvorsitzende und arbeitsmarktpolitische Sprecherin der Gr\u00fcnen in der Bremischen B\u00fcrgerschaft, hat die Entscheidung des Senats zur Schlie\u00dfung der Finanzierungsl\u00fccke f\u00fcr Besch\u00e4ftigungsprogramme in Bremen kommentiert.<\/p>\n\n\n\n<p><a href=\"https:\/\/www.gruene-fraktion-bremen.de\/presse\/pressemitteilungen\/ein-starkes-zeichen-der-solidaritaet-bremer-beschaeftigungsprogramme-sichern\/?0=&amp;cHash=ccaca190a24b4e54bab91985388f5275\">Mitteilung lesen<\/a><\/p>\n\n\n\n<p><\/p>\n","protected":false},"excerpt":{"rendered":"<p>Henrike M\u00fcller, Fraktionsvorsitzende und arbeitsmarktpolitische Sprecherin der Gr\u00fcnen in der Bremischen B\u00fcrgerschaft, hat die Entscheidung des Senats zur Schlie\u00dfung der Finanzierungsl\u00fccke f\u00fcr Besch\u00e4ftigungsprogramme in Bremen kommentiert. Mitteilung lesen<\/p>\n","protected":false},"author":1,"featured_media":0,"comment_status":"closed","ping_status":"closed","sticky":false,"template":"","format":"standard","meta":{"footnotes":""},"categories":[1],"tags":[],"class_list":["post-22987","post","type-post","status-publish","format-standard","hentry","category-allgemein"],"_links":{"self":[{"href":"https:\/\/www.vadib.de\/index.php?rest_route=\/wp\/v2\/posts\/22987","targetHints":{"allow":["GET"]}}],"collection":[{"href":"https:\/\/www.vadib.de\/index.php?rest_route=\/wp\/v2\/posts"}],"about":[{"href":"https:\/\/www.vadib.de\/index.php?rest_route=\/wp\/v2\/types\/post"}],"author":[{"embeddable":true,"href":"https:\/\/www.vadib.de\/index.php?rest_route=\/wp\/v2\/users\/1"}],"replies":[{"embeddable":true,"href":"https:\/\/www.vadib.de\/index.php?rest_route=%2Fwp%2Fv2%2Fcomments&post=22987"}],"version-history":[{"count":1,"href":"https:\/\/www.vadib.de\/index.php?rest_route=\/wp\/v2\/posts\/22987\/revisions"}],"predecessor-version":[{"id":22988,"href":"https:\/\/www.vadib.de\/index.php?rest_route=\/wp\/v2\/posts\/22987\/revisions\/22988"}],"wp:attachment":[{"href":"https:\/\/www.vadib.de\/index.php?rest_route=%2Fwp%2Fv2%2Fmedia&parent=22987"}],"wp:term":[{"taxonomy":"category","embeddable":true,"href":"https:\/\/www.vadib.de\/index.php?rest_route=%2Fwp%2Fv2%2Fcategories&post=22987"},{"taxonomy":"post_tag","embeddable":true,"href":"https:\/\/www.vadib.de\/index.php?rest_route=%2Fwp%2Fv2%2Ftags&post=22987"}],"curies":[{"name":"wp","href":"https:\/\/api.w.org\/{rel}","templated":true}]}}