{"id":22982,"date":"2025-04-23T12:14:17","date_gmt":"2025-04-23T10:14:17","guid":{"rendered":"https:\/\/www.vadib.de\/?p=22982"},"modified":"2025-04-23T12:14:18","modified_gmt":"2025-04-23T10:14:18","slug":"ausgegebene-eu-gelder-bremen-stopft-offenbar-erstes-millionenloch-2-2","status":"publish","type":"post","link":"https:\/\/www.vadib.de\/?p=22982","title":{"rendered":"Bremer Senat stopft Millionenloch im Etat des Arbeitsressorts"},"content":{"rendered":"\n<figure class=\"wp-block-image size-full is-resized\"><img loading=\"lazy\" decoding=\"async\" width=\"282\" height=\"99\" src=\"https:\/\/www.vadib.de\/wp-content\/uploads\/2023\/03\/Logo_buten-un-binnen.png\" alt=\"\" class=\"wp-image-14865\" style=\"width:163px;height:auto\"\/><\/figure>\n\n\n\n<p>Etwa 30 Millionen Euro haben im Haushalt gefehlt. Das Geld ist f\u00fcr Besch\u00e4ftigungsprojekte im Rahmen des Europ\u00e4ischen Sozialfonds ESF gedacht. Mittel sollen aus anderen T\u00f6pfen genommen werden, damit die Besch\u00e4ftigungsprojekte zumindest in diesem Jahr weiterlaufen k\u00f6nnen.<\/p>\n\n\n\n<p><a href=\"https:\/\/www.butenunbinnen.de\/nachrichten\/bremen-arbeitsressort-finanzloch-geschlossen-100.html\">Beitrag anschauen und lesen<\/a><\/p>\n","protected":false},"excerpt":{"rendered":"<p>Etwa 30 Millionen Euro haben im Haushalt gefehlt. Das Geld ist f\u00fcr Besch\u00e4ftigungsprojekte im Rahmen des Europ\u00e4ischen Sozialfonds ESF gedacht. Mittel sollen aus anderen T\u00f6pfen genommen werden, damit die Besch\u00e4ftigungsprojekte zumindest in diesem Jahr weiterlaufen k\u00f6nnen. Beitrag anschauen und lesen<\/p>\n","protected":false},"author":1,"featured_media":0,"comment_status":"closed","ping_status":"closed","sticky":false,"template":"","format":"standard","meta":{"footnotes":""},"categories":[1],"tags":[],"class_list":["post-22982","post","type-post","status-publish","format-standard","hentry","category-allgemein"],"_links":{"self":[{"href":"https:\/\/www.vadib.de\/index.php?rest_route=\/wp\/v2\/posts\/22982","targetHints":{"allow":["GET"]}}],"collection":[{"href":"https:\/\/www.vadib.de\/index.php?rest_route=\/wp\/v2\/posts"}],"about":[{"href":"https:\/\/www.vadib.de\/index.php?rest_route=\/wp\/v2\/types\/post"}],"author":[{"embeddable":true,"href":"https:\/\/www.vadib.de\/index.php?rest_route=\/wp\/v2\/users\/1"}],"replies":[{"embeddable":true,"href":"https:\/\/www.vadib.de\/index.php?rest_route=%2Fwp%2Fv2%2Fcomments&post=22982"}],"version-history":[{"count":1,"href":"https:\/\/www.vadib.de\/index.php?rest_route=\/wp\/v2\/posts\/22982\/revisions"}],"predecessor-version":[{"id":22983,"href":"https:\/\/www.vadib.de\/index.php?rest_route=\/wp\/v2\/posts\/22982\/revisions\/22983"}],"wp:attachment":[{"href":"https:\/\/www.vadib.de\/index.php?rest_route=%2Fwp%2Fv2%2Fmedia&parent=22982"}],"wp:term":[{"taxonomy":"category","embeddable":true,"href":"https:\/\/www.vadib.de\/index.php?rest_route=%2Fwp%2Fv2%2Fcategories&post=22982"},{"taxonomy":"post_tag","embeddable":true,"href":"https:\/\/www.vadib.de\/index.php?rest_route=%2Fwp%2Fv2%2Ftags&post=22982"}],"curies":[{"name":"wp","href":"https:\/\/api.w.org\/{rel}","templated":true}]}}