{"id":22980,"date":"2025-04-23T11:59:59","date_gmt":"2025-04-23T09:59:59","guid":{"rendered":"https:\/\/www.vadib.de\/?p=22980"},"modified":"2025-04-23T12:00:00","modified_gmt":"2025-04-23T10:00:00","slug":"bremer-senat-sichert-esf-projekte-ab","status":"publish","type":"post","link":"https:\/\/www.vadib.de\/?p=22980","title":{"rendered":"Bremer Senat sichert ESF-Projekte ab"},"content":{"rendered":"\n<figure class=\"wp-block-image size-full is-resized\"><img loading=\"lazy\" decoding=\"async\" width=\"225\" height=\"171\" src=\"https:\/\/www.vadib.de\/wp-content\/uploads\/2019\/12\/Logo_Senat.png\" alt=\"\" class=\"wp-image-5888\" style=\"width:72px;height:auto\"\/><\/figure>\n\n\n\n<p>Der Bremer Senat hat sich mit der finanziellen Situation im Bereich des Europ\u00e4ischen Sozialfonds (ESF Plus) besch\u00e4ftigt und die Liquidit\u00e4t sichergestellt. Insgesamt werden 19,3 Millionen Euro umgeschichtet, damit wichtige ESF-Projekte weitergef\u00fchrt werden k\u00f6nnen.<\/p>\n\n\n\n<p><a href=\"https:\/\/www.senatspressestelle.bremen.de\/pressemitteilungen\/senat-sichert-esf-projekte-ab-467046\">Mitteilung lesen<\/a><\/p>\n","protected":false},"excerpt":{"rendered":"<p>Der Bremer Senat hat sich mit der finanziellen Situation im Bereich des Europ\u00e4ischen Sozialfonds (ESF Plus) besch\u00e4ftigt und die Liquidit\u00e4t sichergestellt. Insgesamt werden 19,3 Millionen Euro umgeschichtet, damit wichtige ESF-Projekte weitergef\u00fchrt werden k\u00f6nnen. Mitteilung lesen<\/p>\n","protected":false},"author":1,"featured_media":0,"comment_status":"closed","ping_status":"closed","sticky":false,"template":"","format":"standard","meta":{"footnotes":""},"categories":[1],"tags":[],"class_list":["post-22980","post","type-post","status-publish","format-standard","hentry","category-allgemein"],"_links":{"self":[{"href":"https:\/\/www.vadib.de\/index.php?rest_route=\/wp\/v2\/posts\/22980","targetHints":{"allow":["GET"]}}],"collection":[{"href":"https:\/\/www.vadib.de\/index.php?rest_route=\/wp\/v2\/posts"}],"about":[{"href":"https:\/\/www.vadib.de\/index.php?rest_route=\/wp\/v2\/types\/post"}],"author":[{"embeddable":true,"href":"https:\/\/www.vadib.de\/index.php?rest_route=\/wp\/v2\/users\/1"}],"replies":[{"embeddable":true,"href":"https:\/\/www.vadib.de\/index.php?rest_route=%2Fwp%2Fv2%2Fcomments&post=22980"}],"version-history":[{"count":1,"href":"https:\/\/www.vadib.de\/index.php?rest_route=\/wp\/v2\/posts\/22980\/revisions"}],"predecessor-version":[{"id":22981,"href":"https:\/\/www.vadib.de\/index.php?rest_route=\/wp\/v2\/posts\/22980\/revisions\/22981"}],"wp:attachment":[{"href":"https:\/\/www.vadib.de\/index.php?rest_route=%2Fwp%2Fv2%2Fmedia&parent=22980"}],"wp:term":[{"taxonomy":"category","embeddable":true,"href":"https:\/\/www.vadib.de\/index.php?rest_route=%2Fwp%2Fv2%2Fcategories&post=22980"},{"taxonomy":"post_tag","embeddable":true,"href":"https:\/\/www.vadib.de\/index.php?rest_route=%2Fwp%2Fv2%2Ftags&post=22980"}],"curies":[{"name":"wp","href":"https:\/\/api.w.org\/{rel}","templated":true}]}}