{"id":22978,"date":"2025-04-22T13:57:42","date_gmt":"2025-04-22T11:57:42","guid":{"rendered":"https:\/\/www.vadib.de\/?p=22978"},"modified":"2025-04-22T13:57:43","modified_gmt":"2025-04-22T11:57:43","slug":"was-die-union-mit-fluechtlingen-vorhat-die-untaetig-zu-hause-bleiben","status":"publish","type":"post","link":"https:\/\/www.vadib.de\/?p=22978","title":{"rendered":"Was die Union mit Fl\u00fcchtlingen vorhat, die \u201eunt\u00e4tig zu Hause\u201c bleiben"},"content":{"rendered":"\n<figure class=\"wp-block-image size-full is-resized\"><img loading=\"lazy\" decoding=\"async\" width=\"350\" height=\"183\" src=\"https:\/\/www.vadib.de\/wp-content\/uploads\/2021\/03\/Logo_WELT.png\" alt=\"\" class=\"wp-image-9564\" style=\"width:88px;height:auto\"\/><\/figure>\n\n\n\n<p>In Deutschland arbeitet nicht einmal die H\u00e4lfte der erwerbsf\u00e4higen Menschen aus Asylherkunftsl\u00e4ndern. Die Union will Fl\u00fcchtlinge ohne Besch\u00e4ftigung nun mit bestimmten Jobs an den Arbeitsmarkt heranf\u00fchren. Die SPD hat aber eine Bef\u00fcrchtung.<\/p>\n\n\n\n<p><a href=\"https:\/\/www.welt.de\/politik\/deutschland\/article255968252\/Arbeitspflicht-fuer-Migranten-Was-die-Union-mit-Fluechtlingen-vorhat-die-untaetig-zu-Hause-bleiben.html\">Beitrag lesen<\/a><\/p>\n","protected":false},"excerpt":{"rendered":"<p>In Deutschland arbeitet nicht einmal die H\u00e4lfte der erwerbsf\u00e4higen Menschen aus Asylherkunftsl\u00e4ndern. Die Union will Fl\u00fcchtlinge ohne Besch\u00e4ftigung nun mit bestimmten Jobs an den Arbeitsmarkt heranf\u00fchren. Die SPD hat aber eine Bef\u00fcrchtung. Beitrag lesen<\/p>\n","protected":false},"author":1,"featured_media":0,"comment_status":"closed","ping_status":"closed","sticky":false,"template":"","format":"standard","meta":{"footnotes":""},"categories":[1],"tags":[],"class_list":["post-22978","post","type-post","status-publish","format-standard","hentry","category-allgemein"],"_links":{"self":[{"href":"https:\/\/www.vadib.de\/index.php?rest_route=\/wp\/v2\/posts\/22978","targetHints":{"allow":["GET"]}}],"collection":[{"href":"https:\/\/www.vadib.de\/index.php?rest_route=\/wp\/v2\/posts"}],"about":[{"href":"https:\/\/www.vadib.de\/index.php?rest_route=\/wp\/v2\/types\/post"}],"author":[{"embeddable":true,"href":"https:\/\/www.vadib.de\/index.php?rest_route=\/wp\/v2\/users\/1"}],"replies":[{"embeddable":true,"href":"https:\/\/www.vadib.de\/index.php?rest_route=%2Fwp%2Fv2%2Fcomments&post=22978"}],"version-history":[{"count":1,"href":"https:\/\/www.vadib.de\/index.php?rest_route=\/wp\/v2\/posts\/22978\/revisions"}],"predecessor-version":[{"id":22979,"href":"https:\/\/www.vadib.de\/index.php?rest_route=\/wp\/v2\/posts\/22978\/revisions\/22979"}],"wp:attachment":[{"href":"https:\/\/www.vadib.de\/index.php?rest_route=%2Fwp%2Fv2%2Fmedia&parent=22978"}],"wp:term":[{"taxonomy":"category","embeddable":true,"href":"https:\/\/www.vadib.de\/index.php?rest_route=%2Fwp%2Fv2%2Fcategories&post=22978"},{"taxonomy":"post_tag","embeddable":true,"href":"https:\/\/www.vadib.de\/index.php?rest_route=%2Fwp%2Fv2%2Ftags&post=22978"}],"curies":[{"name":"wp","href":"https:\/\/api.w.org\/{rel}","templated":true}]}}