{"id":22962,"date":"2025-04-18T11:34:11","date_gmt":"2025-04-18T09:34:11","guid":{"rendered":"https:\/\/www.vadib.de\/?p=22962"},"modified":"2025-04-18T11:34:11","modified_gmt":"2025-04-18T09:34:11","slug":"ausgegebene-eu-gelder-bremen-stopft-offenbar-erstes-millionenloch","status":"publish","type":"post","link":"https:\/\/www.vadib.de\/?p=22962","title":{"rendered":"Ausgegebene EU-Gelder: Bremen stopft offenbar erstes Millionenloch"},"content":{"rendered":"\n<figure class=\"wp-block-image size-full is-resized\"><img loading=\"lazy\" decoding=\"async\" width=\"282\" height=\"99\" src=\"https:\/\/www.vadib.de\/wp-content\/uploads\/2023\/03\/Logo_buten-un-binnen.png\" alt=\"\" class=\"wp-image-14865\" style=\"width:163px;height:auto\"\/><\/figure>\n\n\n\n<p>So ist zumindest f\u00fcr dieses Jahr der Etat gesichert f\u00fcr Ma\u00dfnahmen der Arbeitsf\u00f6rderung und bei Sozialprojekten, an denen Hunderte Jobs in Bremen und Bremerhaven h\u00e4ngen. Vor allem von Menschen, die es ohnehin schwer auf dem Arbeitsmarkt haben.<\/p>\n\n\n\n<p><a href=\"https:\/\/www.butenunbinnen.de\/nachrichten\/arbeitsresssort-bremen-finanzloch-sozialfonds-100.html\">Nachricht lesen und h\u00f6ren<\/a><\/p>\n","protected":false},"excerpt":{"rendered":"<p>So ist zumindest f\u00fcr dieses Jahr der Etat gesichert f\u00fcr Ma\u00dfnahmen der Arbeitsf\u00f6rderung und bei Sozialprojekten, an denen Hunderte Jobs in Bremen und Bremerhaven h\u00e4ngen. Vor allem von Menschen, die es ohnehin schwer auf dem Arbeitsmarkt haben. Nachricht lesen und h\u00f6ren<\/p>\n","protected":false},"author":1,"featured_media":0,"comment_status":"closed","ping_status":"closed","sticky":false,"template":"","format":"standard","meta":{"footnotes":""},"categories":[1],"tags":[],"class_list":["post-22962","post","type-post","status-publish","format-standard","hentry","category-allgemein"],"_links":{"self":[{"href":"https:\/\/www.vadib.de\/index.php?rest_route=\/wp\/v2\/posts\/22962","targetHints":{"allow":["GET"]}}],"collection":[{"href":"https:\/\/www.vadib.de\/index.php?rest_route=\/wp\/v2\/posts"}],"about":[{"href":"https:\/\/www.vadib.de\/index.php?rest_route=\/wp\/v2\/types\/post"}],"author":[{"embeddable":true,"href":"https:\/\/www.vadib.de\/index.php?rest_route=\/wp\/v2\/users\/1"}],"replies":[{"embeddable":true,"href":"https:\/\/www.vadib.de\/index.php?rest_route=%2Fwp%2Fv2%2Fcomments&post=22962"}],"version-history":[{"count":2,"href":"https:\/\/www.vadib.de\/index.php?rest_route=\/wp\/v2\/posts\/22962\/revisions"}],"predecessor-version":[{"id":22964,"href":"https:\/\/www.vadib.de\/index.php?rest_route=\/wp\/v2\/posts\/22962\/revisions\/22964"}],"wp:attachment":[{"href":"https:\/\/www.vadib.de\/index.php?rest_route=%2Fwp%2Fv2%2Fmedia&parent=22962"}],"wp:term":[{"taxonomy":"category","embeddable":true,"href":"https:\/\/www.vadib.de\/index.php?rest_route=%2Fwp%2Fv2%2Fcategories&post=22962"},{"taxonomy":"post_tag","embeddable":true,"href":"https:\/\/www.vadib.de\/index.php?rest_route=%2Fwp%2Fv2%2Ftags&post=22962"}],"curies":[{"name":"wp","href":"https:\/\/api.w.org\/{rel}","templated":true}]}}