{"id":22958,"date":"2025-04-18T11:23:51","date_gmt":"2025-04-18T09:23:51","guid":{"rendered":"https:\/\/www.vadib.de\/?p=22958"},"modified":"2025-04-18T11:23:51","modified_gmt":"2025-04-18T09:23:51","slug":"vdk-gegen-linken-forderung-nach-mindestlohn-fuer-beschaeftigte-in-behindertenwerkstaetten","status":"publish","type":"post","link":"https:\/\/www.vadib.de\/?p=22958","title":{"rendered":"VdK gegen Linken-Forderung nach Mindestlohn f\u00fcr Besch\u00e4ftigte in Behindertenwerkst\u00e4tten"},"content":{"rendered":"\n<figure class=\"wp-block-image size-full is-resized\"><img loading=\"lazy\" decoding=\"async\" width=\"300\" height=\"72\" src=\"https:\/\/www.vadib.de\/wp-content\/uploads\/2019\/01\/Logo_Deutschlandfunk-1.png\" alt=\"\" class=\"wp-image-3453\" style=\"width:184px;height:auto\"\/><\/figure>\n\n\n\n<p>Der Sozialverband VdK hat sich gegen die Forderung nach Mindestlohn f\u00fcr Menschen ausgesprochen, die in Behindertenwerkst\u00e4tten arbeiten.<\/p>\n\n\n\n<p><a href=\"https:\/\/www.deutschlandfunk.de\/vdk-gegen-linken-forderung-nach-mindestlohn-fuer-beschaeftigte-in-behindertenwerkstaetten-100.html\">Nachricht lesen<\/a><\/p>\n","protected":false},"excerpt":{"rendered":"<p>Der Sozialverband VdK hat sich gegen die Forderung nach Mindestlohn f\u00fcr Menschen ausgesprochen, die in Behindertenwerkst\u00e4tten arbeiten. Nachricht lesen<\/p>\n","protected":false},"author":1,"featured_media":0,"comment_status":"closed","ping_status":"closed","sticky":false,"template":"","format":"standard","meta":{"footnotes":""},"categories":[1],"tags":[],"class_list":["post-22958","post","type-post","status-publish","format-standard","hentry","category-allgemein"],"_links":{"self":[{"href":"https:\/\/www.vadib.de\/index.php?rest_route=\/wp\/v2\/posts\/22958","targetHints":{"allow":["GET"]}}],"collection":[{"href":"https:\/\/www.vadib.de\/index.php?rest_route=\/wp\/v2\/posts"}],"about":[{"href":"https:\/\/www.vadib.de\/index.php?rest_route=\/wp\/v2\/types\/post"}],"author":[{"embeddable":true,"href":"https:\/\/www.vadib.de\/index.php?rest_route=\/wp\/v2\/users\/1"}],"replies":[{"embeddable":true,"href":"https:\/\/www.vadib.de\/index.php?rest_route=%2Fwp%2Fv2%2Fcomments&post=22958"}],"version-history":[{"count":1,"href":"https:\/\/www.vadib.de\/index.php?rest_route=\/wp\/v2\/posts\/22958\/revisions"}],"predecessor-version":[{"id":22959,"href":"https:\/\/www.vadib.de\/index.php?rest_route=\/wp\/v2\/posts\/22958\/revisions\/22959"}],"wp:attachment":[{"href":"https:\/\/www.vadib.de\/index.php?rest_route=%2Fwp%2Fv2%2Fmedia&parent=22958"}],"wp:term":[{"taxonomy":"category","embeddable":true,"href":"https:\/\/www.vadib.de\/index.php?rest_route=%2Fwp%2Fv2%2Fcategories&post=22958"},{"taxonomy":"post_tag","embeddable":true,"href":"https:\/\/www.vadib.de\/index.php?rest_route=%2Fwp%2Fv2%2Ftags&post=22958"}],"curies":[{"name":"wp","href":"https:\/\/api.w.org\/{rel}","templated":true}]}}