{"id":22943,"date":"2025-04-16T09:24:15","date_gmt":"2025-04-16T07:24:15","guid":{"rendered":"https:\/\/www.vadib.de\/?p=22943"},"modified":"2025-04-16T09:24:15","modified_gmt":"2025-04-16T07:24:15","slug":"spd-politiker-verlangen-klarheit-ueber-erhoehung-des-mindestlohns-2","status":"publish","type":"post","link":"https:\/\/www.vadib.de\/?p=22943","title":{"rendered":"Weniger ackern? Nein, mehr"},"content":{"rendered":"\n<figure class=\"wp-block-image size-full\"><img loading=\"lazy\" decoding=\"async\" width=\"199\" height=\"49\" src=\"https:\/\/www.vadib.de\/wp-content\/uploads\/2020\/03\/Logo_Zeit.png\" alt=\"\" class=\"wp-image-6754\"\/><\/figure>\n\n\n\n<p>Arbeit, Arbeit, Arbeit: Der Koalitionsvertrag zeigt, wie radikal sich der Diskurs \u00fcber unsere Arbeitswelt ver\u00e4ndert hat. \u00dcber die Viertagewoche redet niemand mehr.<\/p>\n\n\n\n<p><a href=\"https:\/\/www.zeit.de\/arbeit\/2025-04\/arbeitszeit-ueberstunden-vier-tage-woche-bundesregierung\">Beitrag lesen<\/a><\/p>\n","protected":false},"excerpt":{"rendered":"<p>Arbeit, Arbeit, Arbeit: Der Koalitionsvertrag zeigt, wie radikal sich der Diskurs \u00fcber unsere Arbeitswelt ver\u00e4ndert hat. \u00dcber die Viertagewoche redet niemand mehr. Beitrag lesen<\/p>\n","protected":false},"author":1,"featured_media":0,"comment_status":"closed","ping_status":"closed","sticky":false,"template":"","format":"standard","meta":{"footnotes":""},"categories":[1],"tags":[],"class_list":["post-22943","post","type-post","status-publish","format-standard","hentry","category-allgemein"],"_links":{"self":[{"href":"https:\/\/www.vadib.de\/index.php?rest_route=\/wp\/v2\/posts\/22943","targetHints":{"allow":["GET"]}}],"collection":[{"href":"https:\/\/www.vadib.de\/index.php?rest_route=\/wp\/v2\/posts"}],"about":[{"href":"https:\/\/www.vadib.de\/index.php?rest_route=\/wp\/v2\/types\/post"}],"author":[{"embeddable":true,"href":"https:\/\/www.vadib.de\/index.php?rest_route=\/wp\/v2\/users\/1"}],"replies":[{"embeddable":true,"href":"https:\/\/www.vadib.de\/index.php?rest_route=%2Fwp%2Fv2%2Fcomments&post=22943"}],"version-history":[{"count":1,"href":"https:\/\/www.vadib.de\/index.php?rest_route=\/wp\/v2\/posts\/22943\/revisions"}],"predecessor-version":[{"id":22944,"href":"https:\/\/www.vadib.de\/index.php?rest_route=\/wp\/v2\/posts\/22943\/revisions\/22944"}],"wp:attachment":[{"href":"https:\/\/www.vadib.de\/index.php?rest_route=%2Fwp%2Fv2%2Fmedia&parent=22943"}],"wp:term":[{"taxonomy":"category","embeddable":true,"href":"https:\/\/www.vadib.de\/index.php?rest_route=%2Fwp%2Fv2%2Fcategories&post=22943"},{"taxonomy":"post_tag","embeddable":true,"href":"https:\/\/www.vadib.de\/index.php?rest_route=%2Fwp%2Fv2%2Ftags&post=22943"}],"curies":[{"name":"wp","href":"https:\/\/api.w.org\/{rel}","templated":true}]}}