{"id":22941,"date":"2025-04-16T09:04:11","date_gmt":"2025-04-16T07:04:11","guid":{"rendered":"https:\/\/www.vadib.de\/?p=22941"},"modified":"2025-04-16T09:04:12","modified_gmt":"2025-04-16T07:04:12","slug":"digitalere-eingliederung-%e2%88%92-werkstatt","status":"publish","type":"post","link":"https:\/\/www.vadib.de\/?p=22941","title":{"rendered":"Digitalere Eingliederung \u2212 Werkstatt"},"content":{"rendered":"\n<figure class=\"wp-block-image size-full is-resized\"><img loading=\"lazy\" decoding=\"async\" width=\"429\" height=\"117\" src=\"https:\/\/www.vadib.de\/wp-content\/uploads\/2023\/12\/Logo_Servicestelle-SGB-II_NEU.png\" alt=\"\" class=\"wp-image-17581\" style=\"width:168px;height:auto\"\/><\/figure>\n\n\n\n<p>e als auch \u00fcber zentrale Herausforderungen der Digitalisierung aus. In den Werkst\u00e4tten entwickelten die Teilnehmenden praxisorientierte Ans\u00e4tze und Handlungsempfehlungen f\u00fcr die Digitalisierung im Eingliederungsbereich, die die Arbeit der Mitarbeitenden erleichtern und die digitalen Prozesse im Jobcenter verbessern sollen.<\/p>\n\n\n\n<p><a href=\"https:\/\/www.sgb2.info\/DE\/Praxisblick\/Bericht\/kurz-bericht-werkstaette-digitalisierung-halle-dortmund-2025.html\">Beitrag lesen<\/a><\/p>\n","protected":false},"excerpt":{"rendered":"<p>e als auch \u00fcber zentrale Herausforderungen der Digitalisierung aus. In den Werkst\u00e4tten entwickelten die Teilnehmenden praxisorientierte Ans\u00e4tze und Handlungsempfehlungen f\u00fcr die Digitalisierung im Eingliederungsbereich, die die Arbeit der Mitarbeitenden erleichtern und die digitalen Prozesse im Jobcenter verbessern sollen. Beitrag lesen<\/p>\n","protected":false},"author":1,"featured_media":0,"comment_status":"closed","ping_status":"closed","sticky":false,"template":"","format":"standard","meta":{"footnotes":""},"categories":[1],"tags":[],"class_list":["post-22941","post","type-post","status-publish","format-standard","hentry","category-allgemein"],"_links":{"self":[{"href":"https:\/\/www.vadib.de\/index.php?rest_route=\/wp\/v2\/posts\/22941","targetHints":{"allow":["GET"]}}],"collection":[{"href":"https:\/\/www.vadib.de\/index.php?rest_route=\/wp\/v2\/posts"}],"about":[{"href":"https:\/\/www.vadib.de\/index.php?rest_route=\/wp\/v2\/types\/post"}],"author":[{"embeddable":true,"href":"https:\/\/www.vadib.de\/index.php?rest_route=\/wp\/v2\/users\/1"}],"replies":[{"embeddable":true,"href":"https:\/\/www.vadib.de\/index.php?rest_route=%2Fwp%2Fv2%2Fcomments&post=22941"}],"version-history":[{"count":1,"href":"https:\/\/www.vadib.de\/index.php?rest_route=\/wp\/v2\/posts\/22941\/revisions"}],"predecessor-version":[{"id":22942,"href":"https:\/\/www.vadib.de\/index.php?rest_route=\/wp\/v2\/posts\/22941\/revisions\/22942"}],"wp:attachment":[{"href":"https:\/\/www.vadib.de\/index.php?rest_route=%2Fwp%2Fv2%2Fmedia&parent=22941"}],"wp:term":[{"taxonomy":"category","embeddable":true,"href":"https:\/\/www.vadib.de\/index.php?rest_route=%2Fwp%2Fv2%2Fcategories&post=22941"},{"taxonomy":"post_tag","embeddable":true,"href":"https:\/\/www.vadib.de\/index.php?rest_route=%2Fwp%2Fv2%2Ftags&post=22941"}],"curies":[{"name":"wp","href":"https:\/\/api.w.org\/{rel}","templated":true}]}}